{"id":24749,"date":"2022-08-20T18:54:47","date_gmt":"2022-08-20T21:54:47","guid":{"rendered":"https:\/\/www.oparanews.com.br\/?p=24749"},"modified":"2022-08-20T18:54:47","modified_gmt":"2022-08-20T21:54:47","slug":"ii-encontro-estadual-de-acs-e-ace-conta-com-duas-caravanas-representando-penedo","status":"publish","type":"post","link":"https:\/\/www.oparanews.com.br\/index.php\/2022\/08\/20\/ii-encontro-estadual-de-acs-e-ace-conta-com-duas-caravanas-representando-penedo\/","title":{"rendered":"II Encontro Estadual de ACS e ACE conta com duas caravanas representando Penedo"},"content":{"rendered":"<div dir=\"auto\">Agentes de Sa\u00fade e de Combate \u00e0s Endemias de Penedo-AL, estiveram na manh\u00e3 desta sexta-feira (19), na cidade de Arapiraca para participarem do II Encontro de ACS e ACE\u00a0 de Alagoas. Foram duas caravanas que sa\u00edram da cidade ribeirinha, organizadas pela Comiss\u00e3o dos ACS e ACE de Penedo, que tem como l\u00edder o servidor p\u00fablico M\u00e1rcio Monteiro.<\/div>\n<div dir=\"auto\"><\/div>\n<div dir=\"auto\"><\/div>\n<div dir=\"auto\"><\/div>\n<div dir=\"auto\">O evento aconteceu no Espa\u00e7o Ren\u00ea, na capital do Agreste alagoano. Caravanas de v\u00e1rias cidades do estado tamb\u00e9m se mobilizaram e estiveram presentes.<\/div>\n<div dir=\"auto\"><\/div>\n<div dir=\"auto\"><\/div>\n<div dir=\"auto\"><\/div>\n<div dir=\"auto\">Estiveram presentes no evento o Presidente da FEDACS (Federa\u00e7\u00e3o dos ACS e ACE de Alagoas), Jader Oliveira, respons\u00e1vel pela organiza\u00e7\u00e3o e a Presidente da CONACS (Confedera\u00e7\u00e3o Nacional dos ACS e ACE), Ilda Ang\u00e9lica, que abordou dentre outras quest\u00f5es relacionadas ao trabalho destas duas categorias, as lutas por direitos que seguem em pauta e precisar\u00e3o de mobiliza\u00e7\u00f5es no Congresso Nacional.<\/div>\n<div dir=\"auto\"><\/div>\n<div dir=\"auto\"><\/div>\n<div dir=\"auto\"><\/div>\n<div dir=\"auto\">&#8220;Ainda temos outras lutas pela frente, Alagoas foi essencial para a conquista do piso salarial dos ACS e ACE, al\u00e9m da mobiliza\u00e7\u00e3o dos companheiros e companheiras, houve um grande lobby no \u00e2mbito pol\u00edtico e importante, com atores que fizeram a diferen\u00e7a&#8221;, disse Ilda.<\/div>\n<div dir=\"auto\"><\/div>\n<div dir=\"auto\"><\/div>\n<div dir=\"auto\"><\/div>\n<div dir=\"auto\">A Comiss\u00e3o dos ACS e ACE de Penedo segue avan\u00e7ando nas lutas. &#8220;A FEDACS e CONACS s\u00e3o dois parceiros de peso que\u00a0 abra\u00e7am as nossas demandas e v\u00eam nos dando suporte para avan\u00e7armos, inclusive nas lutas de \u00e2mbito municipal. Estaremos sempre presentes nas mobiliza\u00e7\u00f5es com os companheiros Jader e Ilda, somos soldados apostos, disse M\u00e1rcio Monteiro, l\u00edder da Comiss\u00e3o, complementando com o agradecimento ao apoio da prefeitura de Penedo que fez ser poss\u00edvel a presen\u00e7a das caravanas no evento.<\/div>\n<div dir=\"auto\"><\/div>\n<div dir=\"auto\"><\/div>\n<div dir=\"auto\"><\/div>\n<div dir=\"auto\">Monteiro aproveitou para lembrar aos ACS e ACE que a Comiss\u00e3o \u00e0 convite da Coordena\u00e7\u00e3o de Aten\u00e7\u00e3o B\u00e1sica da Secretaria Municipal de Sa\u00fade, esteve discutindo os detalhes finais do kit fardamento composto por: Blusa UV, Camisa Polo, Colete, T\u00eanis,\u00a0 al\u00e9m de uma Bolsa. Ele disse ainda, que de acordo com a Coordena\u00e7\u00e3o a previs\u00e3o de chegada desse material est\u00e1 entre o final de agosto e in\u00edcio de setembro.<\/div>\n<div dir=\"auto\"><\/div>\n<div dir=\"auto\"><\/div>\n<div dir=\"auto\"><\/div>\n<div dir=\"auto\"><\/div>\n<div dir=\"auto\"><\/div>\n<div dir=\"auto\"><strong>por Assessoria da Comiss\u00e3o dos ACS e ACE<\/strong><\/div>\n<div dir=\"auto\"><\/div>\n<div dir=\"auto\"><\/div>\n","protected":false},"excerpt":{"rendered":"<p>Agentes de Sa\u00fade e de Combate \u00e0s Endemias de Penedo-AL, estiveram na manh\u00e3 desta sexta-feira (19), na cidade de Arapiraca para participarem do II Encontro de ACS e ACE\u00a0 de Alagoas. Foram duas caravanas que sa\u00edram da cidade ribeirinha, organizadas pela Comiss\u00e3o dos ACS e ACE de Penedo, que tem como l\u00edder o servidor p\u00fablico &hellip;<\/p>\n","protected":false},"author":2,"featured_media":24750,"comment_status":"open","ping_status":"open","sticky":false,"template":"","format":"standard","meta":{"_jetpack_memberships_contains_paid_content":false,"footnotes":""},"categories":[1,3],"tags":[],"class_list":["post-24749","post","type-post","status-publish","format-standard","has-post-thumbnail","hentry","category-destaque","category-penedo"],"jetpack_featured_media_url":"https:\/\/www.oparanews.com.br\/wp-content\/uploads\/2022\/08\/IMG-20220820-WA0021.jpg","jetpack_sharing_enabled":true,"_links":{"self":[{"href":"https:\/\/www.oparanews.com.br\/index.php\/wp-json\/wp\/v2\/posts\/24749","targetHints":{"allow":["GET"]}}],"collection":[{"href":"https:\/\/www.oparanews.com.br\/index.php\/wp-json\/wp\/v2\/posts"}],"about":[{"href":"https:\/\/www.oparanews.com.br\/index.php\/wp-json\/wp\/v2\/types\/post"}],"author":[{"embeddable":true,"href":"https:\/\/www.oparanews.com.br\/index.php\/wp-json\/wp\/v2\/users\/2"}],"replies":[{"embeddable":true,"href":"https:\/\/www.oparanews.com.br\/index.php\/wp-json\/wp\/v2\/comments?post=24749"}],"version-history":[{"count":1,"href":"https:\/\/www.oparanews.com.br\/index.php\/wp-json\/wp\/v2\/posts\/24749\/revisions"}],"predecessor-version":[{"id":24751,"href":"https:\/\/www.oparanews.com.br\/index.php\/wp-json\/wp\/v2\/posts\/24749\/revisions\/24751"}],"wp:featuredmedia":[{"embeddable":true,"href":"https:\/\/www.oparanews.com.br\/index.php\/wp-json\/wp\/v2\/media\/24750"}],"wp:attachment":[{"href":"https:\/\/www.oparanews.com.br\/index.php\/wp-json\/wp\/v2\/media?parent=24749"}],"wp:term":[{"taxonomy":"category","embeddable":true,"href":"https:\/\/www.oparanews.com.br\/index.php\/wp-json\/wp\/v2\/categories?post=24749"},{"taxonomy":"post_tag","embeddable":true,"href":"https:\/\/www.oparanews.com.br\/index.php\/wp-json\/wp\/v2\/tags?post=24749"}],"curies":[{"name":"wp","href":"https:\/\/api.w.org\/{rel}","templated":true}]}}