{"id":24758,"date":"2022-08-21T21:19:40","date_gmt":"2022-08-22T00:19:40","guid":{"rendered":"https:\/\/www.oparanews.com.br\/?p=24758"},"modified":"2022-08-21T21:19:40","modified_gmt":"2022-08-22T00:19:40","slug":"homem-e-preso-apos-gravar-imagens-de-crianca-tomando-banho-em-marechal-deodoro","status":"publish","type":"post","link":"https:\/\/www.oparanews.com.br\/index.php\/2022\/08\/21\/homem-e-preso-apos-gravar-imagens-de-crianca-tomando-banho-em-marechal-deodoro\/","title":{"rendered":"Homem \u00e9 preso ap\u00f3s gravar imagens de crian\u00e7a tomando banho em Marechal Deodoro"},"content":{"rendered":"<p>Um homem de 33 anos foi preso em flagrante ap\u00f3s confessar que gravou imagens da enteada, uma crian\u00e7a de apenas 12 anos de idade, enquanto ela estava no banheiro. O caso aconteceu neste s\u00e1bado (20) no bairro da Poeira, em Marechal Deodoro, na regi\u00e3o metropolitana de Macei\u00f3.<\/p>\n<p>&nbsp;<\/p>\n<p>De acordo com a Pol\u00edcia Militar, as imagens foram gravadas com um aparelho de celular, que foi encontrado pela v\u00edtima escondido no cesto de lixo. A v\u00edtima encontrou no aparelho outro v\u00eddeo, onde ela aprecia nua enquanto tomava banho.<\/p>\n<p>&nbsp;<\/p>\n<p>Ap\u00f3s, localizar o telefone a menina entregou o telefone a uma tia, para que o aparelho fosse entregue a pol\u00edcia.<\/p>\n<p>&nbsp;<\/p>\n<p>O homem e o aparelho de celular foram levados para a Central de Flagrantes, onde o homem foi autuado em flagrante pelos artigos 240 e 241 do Estatuto da Crian\u00e7a e do Adolescente, ou seja, por grava conte\u00fado pornogr\u00e1fico envolvendo crian\u00e7a ou adolescente e por vender ou expor a venda esse conte\u00fado.<\/p>\n<p>&nbsp;<\/p>\n<p>&nbsp;<\/p>\n<p>&nbsp;<\/p>\n<p><strong>Por Erik Maia, g1 AL<\/strong><\/p>\n<p>&nbsp;<\/p>\n","protected":false},"excerpt":{"rendered":"<p>Um homem de 33 anos foi preso em flagrante ap\u00f3s confessar que gravou imagens da enteada, uma crian\u00e7a de apenas 12 anos de idade, enquanto ela estava no banheiro. O caso aconteceu neste s\u00e1bado (20) no bairro da Poeira, em Marechal Deodoro, na regi\u00e3o metropolitana de Macei\u00f3. &nbsp; De acordo com a Pol\u00edcia Militar, as &hellip;<\/p>\n","protected":false},"author":2,"featured_media":24759,"comment_status":"open","ping_status":"open","sticky":false,"template":"","format":"standard","meta":{"_jetpack_memberships_contains_paid_content":false,"footnotes":""},"categories":[4],"tags":[],"class_list":["post-24758","post","type-post","status-publish","format-standard","has-post-thumbnail","hentry","category-alagoas"],"jetpack_featured_media_url":"https:\/\/www.oparanews.com.br\/wp-content\/uploads\/2022\/08\/dsc00035-1.webp","jetpack_sharing_enabled":true,"_links":{"self":[{"href":"https:\/\/www.oparanews.com.br\/index.php\/wp-json\/wp\/v2\/posts\/24758","targetHints":{"allow":["GET"]}}],"collection":[{"href":"https:\/\/www.oparanews.com.br\/index.php\/wp-json\/wp\/v2\/posts"}],"about":[{"href":"https:\/\/www.oparanews.com.br\/index.php\/wp-json\/wp\/v2\/types\/post"}],"author":[{"embeddable":true,"href":"https:\/\/www.oparanews.com.br\/index.php\/wp-json\/wp\/v2\/users\/2"}],"replies":[{"embeddable":true,"href":"https:\/\/www.oparanews.com.br\/index.php\/wp-json\/wp\/v2\/comments?post=24758"}],"version-history":[{"count":1,"href":"https:\/\/www.oparanews.com.br\/index.php\/wp-json\/wp\/v2\/posts\/24758\/revisions"}],"predecessor-version":[{"id":24760,"href":"https:\/\/www.oparanews.com.br\/index.php\/wp-json\/wp\/v2\/posts\/24758\/revisions\/24760"}],"wp:featuredmedia":[{"embeddable":true,"href":"https:\/\/www.oparanews.com.br\/index.php\/wp-json\/wp\/v2\/media\/24759"}],"wp:attachment":[{"href":"https:\/\/www.oparanews.com.br\/index.php\/wp-json\/wp\/v2\/media?parent=24758"}],"wp:term":[{"taxonomy":"category","embeddable":true,"href":"https:\/\/www.oparanews.com.br\/index.php\/wp-json\/wp\/v2\/categories?post=24758"},{"taxonomy":"post_tag","embeddable":true,"href":"https:\/\/www.oparanews.com.br\/index.php\/wp-json\/wp\/v2\/tags?post=24758"}],"curies":[{"name":"wp","href":"https:\/\/api.w.org\/{rel}","templated":true}]}}