{"id":24761,"date":"2022-08-22T17:39:34","date_gmt":"2022-08-22T20:39:34","guid":{"rendered":"https:\/\/www.oparanews.com.br\/?p=24761"},"modified":"2022-08-22T17:39:34","modified_gmt":"2022-08-22T20:39:34","slug":"semana-do-bebe-leva-orientacoes-para-gestantes-e-puerperas-de-penedo","status":"publish","type":"post","link":"https:\/\/www.oparanews.com.br\/index.php\/2022\/08\/22\/semana-do-bebe-leva-orientacoes-para-gestantes-e-puerperas-de-penedo\/","title":{"rendered":"Semana do Beb\u00ea leva orienta\u00e7\u00f5es para gestantes e pu\u00e9rperas de Penedo"},"content":{"rendered":"<p>Come\u00e7ou nesta segunda-feira, 22, a programa\u00e7\u00e3o da Semana do Beb\u00ea + Agosto Dourado nas Unidades B\u00e1sicas de Sa\u00fade de Penedo.<\/p>\n<p>&nbsp;<\/p>\n<p>A a\u00e7\u00e3o promovida pela Secretaria Municipal de Sa\u00fade (SEMS) tem o objetivo de levar mais qualidade de vida aos beb\u00eas e informa\u00e7\u00f5es importantes para gestantes e pu\u00e9rperas.<\/p>\n<p>&nbsp;<\/p>\n<p>A abertura da Semana do Beb\u00ea aconteceu na UBS do povoado Cooperativa e reuniu dezenas de mulheres que assistiram atentas as palestras sobre a import\u00e2ncia do leite materno, higiene ao amamentar, acompanhamento e desenvolvimento das crian\u00e7as, vacina\u00e7\u00e3o e nutri\u00e7\u00e3o.<\/p>\n<p>&nbsp;<\/p>\n<p>\u201cA gente organizou esse evento porque todos os anos n\u00f3s fazemos a abertura em uma das unidades da rede municipal e este ano escolhemos a da comunidade Cooperativa. Quando falamos de Agosto Dourado e Semana no Beb\u00ea \u00e9 para refor\u00e7ar a import\u00e2ncia do acompanhamento do pr\u00e9-natal para gestantes e do aleitamento materno para as pu\u00e9rperas\u201d, explica o Coordenador da Aten\u00e7\u00e3o B\u00e1sica da SEMS, Marconde Firmino.<\/p>\n<p>&nbsp;<\/p>\n<p>Para participar das palestras, as mulheres devem comparecer ao posto de sa\u00fade onde \u00e9 assistida, sendo informada da data por meio dos agentes de sa\u00fade ou na unidade de sua refer\u00eancia.<\/p>\n<p>&nbsp;<\/p>\n<p>Confira o cronograma da a\u00e7\u00e3o nas Unidades B\u00e1sicas de Sa\u00fade da SEMS<\/p>\n<p>&nbsp;<\/p>\n<p>22\/08 \u2013 Cooperativa, Rosete e Capela<\/p>\n<p>23\/08 \u2013 Oiteiro, Raimundinho 09, S\u00e3o Jos\u00e9 e Tabuleiro<\/p>\n<p>24\/08 \u2013 Palmeira Alta, Vila Matias, Cohab, Centro, Santa Margarida, Sesi e Itaporanga<\/p>\n<p>25\/08 \u2013 Gabriel 05, Vit\u00f3ria, Ponta Mofina e Gabriel 04<\/p>\n<p>26\/08 \u2013 Jos\u00e9 Edileno, Raimundinho 08 e Santo Ant\u00f4nio<\/p>\n<p>&nbsp;<\/p>\n<p>&nbsp;<\/p>\n<p>&nbsp;<\/p>\n<p><strong>por Gabriela Flores \u2013 jornalista e social media SEMS Penedo<\/strong><\/p>\n<p>&nbsp;<\/p>\n","protected":false},"excerpt":{"rendered":"<p>Come\u00e7ou nesta segunda-feira, 22, a programa\u00e7\u00e3o da Semana do Beb\u00ea + Agosto Dourado nas Unidades B\u00e1sicas de Sa\u00fade de Penedo. &nbsp; A a\u00e7\u00e3o promovida pela Secretaria Municipal de Sa\u00fade (SEMS) tem o objetivo de levar mais qualidade de vida aos beb\u00eas e informa\u00e7\u00f5es importantes para gestantes e pu\u00e9rperas. &nbsp; A abertura da Semana do Beb\u00ea &hellip;<\/p>\n","protected":false},"author":2,"featured_media":24762,"comment_status":"open","ping_status":"open","sticky":false,"template":"","format":"standard","meta":{"_jetpack_memberships_contains_paid_content":false,"footnotes":""},"categories":[1,3],"tags":[],"class_list":["post-24761","post","type-post","status-publish","format-standard","has-post-thumbnail","hentry","category-destaque","category-penedo"],"jetpack_featured_media_url":"https:\/\/www.oparanews.com.br\/wp-content\/uploads\/2022\/08\/sems-penedo-semana-bebe-agosto-dourado.jpeg","jetpack_sharing_enabled":true,"_links":{"self":[{"href":"https:\/\/www.oparanews.com.br\/index.php\/wp-json\/wp\/v2\/posts\/24761","targetHints":{"allow":["GET"]}}],"collection":[{"href":"https:\/\/www.oparanews.com.br\/index.php\/wp-json\/wp\/v2\/posts"}],"about":[{"href":"https:\/\/www.oparanews.com.br\/index.php\/wp-json\/wp\/v2\/types\/post"}],"author":[{"embeddable":true,"href":"https:\/\/www.oparanews.com.br\/index.php\/wp-json\/wp\/v2\/users\/2"}],"replies":[{"embeddable":true,"href":"https:\/\/www.oparanews.com.br\/index.php\/wp-json\/wp\/v2\/comments?post=24761"}],"version-history":[{"count":1,"href":"https:\/\/www.oparanews.com.br\/index.php\/wp-json\/wp\/v2\/posts\/24761\/revisions"}],"predecessor-version":[{"id":24763,"href":"https:\/\/www.oparanews.com.br\/index.php\/wp-json\/wp\/v2\/posts\/24761\/revisions\/24763"}],"wp:featuredmedia":[{"embeddable":true,"href":"https:\/\/www.oparanews.com.br\/index.php\/wp-json\/wp\/v2\/media\/24762"}],"wp:attachment":[{"href":"https:\/\/www.oparanews.com.br\/index.php\/wp-json\/wp\/v2\/media?parent=24761"}],"wp:term":[{"taxonomy":"category","embeddable":true,"href":"https:\/\/www.oparanews.com.br\/index.php\/wp-json\/wp\/v2\/categories?post=24761"},{"taxonomy":"post_tag","embeddable":true,"href":"https:\/\/www.oparanews.com.br\/index.php\/wp-json\/wp\/v2\/tags?post=24761"}],"curies":[{"name":"wp","href":"https:\/\/api.w.org\/{rel}","templated":true}]}}