{"id":24778,"date":"2022-08-23T21:43:09","date_gmt":"2022-08-24T00:43:09","guid":{"rendered":"https:\/\/www.oparanews.com.br\/?p=24778"},"modified":"2022-08-23T21:43:09","modified_gmt":"2022-08-24T00:43:09","slug":"oab-alagoas-promove-iii-encontro-estadual-da-jovem-advocacia-nos-dias-9-e-10-de-setembro","status":"publish","type":"post","link":"https:\/\/www.oparanews.com.br\/index.php\/2022\/08\/23\/oab-alagoas-promove-iii-encontro-estadual-da-jovem-advocacia-nos-dias-9-e-10-de-setembro\/","title":{"rendered":"OAB Alagoas promove III Encontro Estadual da Jovem Advocacia nos dias 9 e 10 de setembro"},"content":{"rendered":"<p>A Ordem dos Advogados do Brasil em Alagoas (OAB\/AL) promove, nos dias 9 e 10 de setembro, o III Encontro Estadual da Jovem Advocacia. O evento acontece na sede da OAB\/AL, em Jacarecica, e vai contar com pain\u00e9is tem\u00e1ticos, apresentados por nomes de destaque no cen\u00e1rio local e nacional.<\/p>\n<p>&nbsp;<\/p>\n<p>O encontro \u00e9 um marco importante para o Conselho da Jovem Advocacia de Alagoas. O evento pretende estimular o networking e a capacita\u00e7\u00e3o dos jovens advogados e advogadas no estado. Al\u00e9m de palestras, haver\u00e1 ainda grupos de mentoria, happy hour e sorteio de diversos brindes.<\/p>\n<p>&nbsp;<\/p>\n<p>O advogado Marcelo Weick, doutor em Direito pela Universidade Estadual do Rio de Janeiro e ex-procurador geral da Para\u00edba, \u00e9 um dos palestrantes confirmados. O encontro receber\u00e1 ainda juristas, professores e membros de comiss\u00f5es nacionais do Conselho Federal da OAB (CFOAB).<\/p>\n<p>&nbsp;<\/p>\n<p>Est\u00e3o confirmadas as participa\u00e7\u00f5es de Pablo Arruda, Raphael Martiniano Dias, Pedro Accioly e Ana Clara Alves. A lista completa dos palestrantes ser\u00e1 divulgada em breve, mas atrav\u00e9s do formul\u00e1rio de inscri\u00e7\u00e3o \u00e9 poss\u00edvel visualizar alguns profissionais que j\u00e1 confirmaram presen\u00e7a no evento.<\/p>\n<p>&nbsp;<\/p>\n<p>Durante o encontro, est\u00e3o previstos nove pain\u00e9is tem\u00e1ticos. Na sexta-feira, dia 9 de setembro, o evento ter\u00e1 in\u00edcio \u00e0s 14h e seguir\u00e1 at\u00e9 as 17h. No s\u00e1bado, dia 10 de setembro, a programa\u00e7\u00e3o ter\u00e1 in\u00edcio um pouco mais cedo: come\u00e7ar\u00e1 \u00e0s 9hs e seguir\u00e1 at\u00e9 as 17hs.<\/p>\n<p>&nbsp;<\/p>\n<p>Joanna Dh\u00e1lia, presidente do Conselho da Jovem Advocacia de Alagoas, destacou a import\u00e2ncia do evento e do tema que ser\u00e1 homenageado nessa edi\u00e7\u00e3o. &#8220;Ser\u00e1 uma experi\u00eancia \u00fanica para a jovem advocacia alagoana. Teremos uma programa\u00e7\u00e3o inteiramente voltada \u00e0 capacita\u00e7\u00e3o, atualiza\u00e7\u00e3o e ao networking de todos que estiverem presentes. Al\u00e9m das palestras, teremos apresenta\u00e7\u00e3o cultural, em um espa\u00e7o ambientado com a tem\u00e1tica nordestina, tendo em vista o tema do evento que ser\u00e1 &#8220;Nordestinidades&#8221;. Esperamos receber um p\u00fablico composto de jovens advogados, jovens advogadas e estudantes de direito, nicho ideal de formadores de opini\u00e3o&#8221;, afirmou ela.<\/p>\n<p>&nbsp;<\/p>\n<p>O evento conta com dois tipos de inscri\u00e7\u00f5es, para jovens advogados e estudantes. O lote promocional e o primeiro lote oficial que foram disponibilizados j\u00e1 est\u00e3o esgotados. Por\u00e9m, o segundo lote de ambos os ingressos ainda est\u00e3o dispon\u00edveis. Ao final do evento ser\u00e1 poss\u00edvel receber um certificado. Para se inscrever, basta clicar no formul\u00e1rio: https:\/\/doity.com.br\/iiiencontroestadual-jovemadvocaciaoabal.<\/p>\n<p>&nbsp;<\/p>\n<p>&nbsp;<\/p>\n<p>&nbsp;<\/p>\n<p><strong>Fonte: Comunica\u00e7\u00e3o OAB Alagoas<\/strong><\/p>\n<p>&nbsp;<\/p>\n","protected":false},"excerpt":{"rendered":"<p>A Ordem dos Advogados do Brasil em Alagoas (OAB\/AL) promove, nos dias 9 e 10 de setembro, o III Encontro Estadual da Jovem Advocacia. O evento acontece na sede da OAB\/AL, em Jacarecica, e vai contar com pain\u00e9is tem\u00e1ticos, apresentados por nomes de destaque no cen\u00e1rio local e nacional. &nbsp; O encontro \u00e9 um marco &hellip;<\/p>\n","protected":false},"author":2,"featured_media":24779,"comment_status":"open","ping_status":"open","sticky":false,"template":"","format":"standard","meta":{"_jetpack_memberships_contains_paid_content":false,"footnotes":""},"categories":[4],"tags":[],"class_list":["post-24778","post","type-post","status-publish","format-standard","has-post-thumbnail","hentry","category-alagoas"],"jetpack_featured_media_url":"https:\/\/www.oparanews.com.br\/wp-content\/uploads\/2022\/08\/III-Encontro-Estadual-da-Jovem-Advocacia.jpeg","jetpack_sharing_enabled":true,"_links":{"self":[{"href":"https:\/\/www.oparanews.com.br\/index.php\/wp-json\/wp\/v2\/posts\/24778","targetHints":{"allow":["GET"]}}],"collection":[{"href":"https:\/\/www.oparanews.com.br\/index.php\/wp-json\/wp\/v2\/posts"}],"about":[{"href":"https:\/\/www.oparanews.com.br\/index.php\/wp-json\/wp\/v2\/types\/post"}],"author":[{"embeddable":true,"href":"https:\/\/www.oparanews.com.br\/index.php\/wp-json\/wp\/v2\/users\/2"}],"replies":[{"embeddable":true,"href":"https:\/\/www.oparanews.com.br\/index.php\/wp-json\/wp\/v2\/comments?post=24778"}],"version-history":[{"count":1,"href":"https:\/\/www.oparanews.com.br\/index.php\/wp-json\/wp\/v2\/posts\/24778\/revisions"}],"predecessor-version":[{"id":24780,"href":"https:\/\/www.oparanews.com.br\/index.php\/wp-json\/wp\/v2\/posts\/24778\/revisions\/24780"}],"wp:featuredmedia":[{"embeddable":true,"href":"https:\/\/www.oparanews.com.br\/index.php\/wp-json\/wp\/v2\/media\/24779"}],"wp:attachment":[{"href":"https:\/\/www.oparanews.com.br\/index.php\/wp-json\/wp\/v2\/media?parent=24778"}],"wp:term":[{"taxonomy":"category","embeddable":true,"href":"https:\/\/www.oparanews.com.br\/index.php\/wp-json\/wp\/v2\/categories?post=24778"},{"taxonomy":"post_tag","embeddable":true,"href":"https:\/\/www.oparanews.com.br\/index.php\/wp-json\/wp\/v2\/tags?post=24778"}],"curies":[{"name":"wp","href":"https:\/\/api.w.org\/{rel}","templated":true}]}}