{"id":24788,"date":"2022-08-24T16:27:56","date_gmt":"2022-08-24T19:27:56","guid":{"rendered":"https:\/\/www.oparanews.com.br\/?p=24788"},"modified":"2022-08-24T16:27:56","modified_gmt":"2022-08-24T19:27:56","slug":"calendario-para-recadastramento-do-programa-do-leite-em-penedo-e-alterado","status":"publish","type":"post","link":"https:\/\/www.oparanews.com.br\/index.php\/2022\/08\/24\/calendario-para-recadastramento-do-programa-do-leite-em-penedo-e-alterado\/","title":{"rendered":"Calend\u00e1rio para recadastramento do Programa do Leite em Penedo \u00e9 alterado"},"content":{"rendered":"<p>O calend\u00e1rio para recadastramento das fam\u00edlias benefici\u00e1rias do Programa do Leite foi alterado para agilizar a atualiza\u00e7\u00e3o do cadastro em Penedo.<\/p>\n<p>&nbsp;<\/p>\n<p>O cronograma da a\u00e7\u00e3o desenvolvida pelos governos estadual e municipal mant\u00e9m a data inicial, mas teve sua conclus\u00e3o antecipada do dia 18 de outubro para 30 de setembro.<\/p>\n<p>&nbsp;<\/p>\n<p>O trabalho que mant\u00e9m fam\u00edlias de baixa renda atendidas com a distribui\u00e7\u00e3o gratuita do alimento come\u00e7a pela zona rural, a partir da pr\u00f3xima sexta, 26, nas comunidades Marituba de Cima e Marituba do Peixe.<\/p>\n<p>&nbsp;<\/p>\n<p>Atualmente, 2.442 mil fam\u00edlias s\u00e3o atendidas em Penedo pelo trabalho direcionado para pessoas em situa\u00e7\u00e3o de pobreza ou de extrema pobreza.<\/p>\n<p>&nbsp;<\/p>\n<p>O recadastramento ser\u00e1 feito nos locais de entrega do leite, exceto das fam\u00edlias residentes na Castro Alves (Bititinga), grupo que ser\u00e1 atendido no gin\u00e1sio Padre Manoel Vieira.<\/p>\n<p>&nbsp;<\/p>\n<p>Quem precisa continuar recebendo o alimento, basta apresentar a carteira de identidade (RG) e o cart\u00e3o NIS registrado no Programa do Leite, e n\u00e3o est\u00e1 prevista a inclus\u00e3o de novos benefici\u00e1rios no processo de recadastramento.<\/p>\n<p>&nbsp;<\/p>\n<p><strong>CRONOGRAMA DO RECADASTRAMENTO DO PROGRAMA DO LEITE EM PENEDO<\/strong><\/p>\n<p>&nbsp;<\/p>\n<p>Marituba de Cima \u2013 dia 26 de agosto \u2013 Hor\u00e1rio 09 horas<\/p>\n<p>Marituba do Peixe \u2013 dia 26 de agosto \u2013 Hor\u00e1rio 13 horas<\/p>\n<p>Capela \u2013 dia 29 de agosto \u2013 Hor\u00e1rio 09 horas<\/p>\n<p>Riacho do Pedro \u2013 dia 29 de agosto \u2013 Hor\u00e1rio 10h30<\/p>\n<p>Murici \u2013 dia 29 de agosto \u2013 Hor\u00e1rio 13 horas<\/p>\n<p>Peixoto \u2013 dia 30 de agosto \u2013 Hor\u00e1rio 09 horas<\/p>\n<p>Ponta Mofina \u2013 dia 30 de agosto \u2013 Hor\u00e1rio 13 horas<\/p>\n<p>Manibu \u2013 dia 31 de agosto \u2013 Hor\u00e1rio 09 horas<\/p>\n<p>Campo Grande \u2013 dia 31 de agosto \u2013 Hor\u00e1rio 13 horas<\/p>\n<p>Tabuleiro dos Negros \u2013 dia 02 de setembro \u2013 Hor\u00e1rio 09 horas<\/p>\n<p>Tapera \u2013 dia 05 de setembro \u2013 Hor\u00e1rio 09 horas<\/p>\n<p>Marizeiro \u2013 dia 05 de setembro \u2013 Hor\u00e1rio 10h30<\/p>\n<p>Itaporanga \u2013 dia 05 de setembro \u2013 Hor\u00e1rio 13 horas<\/p>\n<p>Campo Redondo \u2013 dia 06 de setembro \u2013 Hor\u00e1rio 09 horas<\/p>\n<p>Bairro Santa Izabel\/Cacimbinhas \u2013 dia 06 de setembro \u2013 Hor\u00e1rio 13 horas<\/p>\n<p>Bairro Santa Cec\u00edlia\/Matadouro \u2013 dia 09 de setembro \u2013 Hor\u00e1rio 09 horas<\/p>\n<p>Bairro Santa Luzia\/Barro Duro \u2013 dia 09 de setembro \u2013 Hor\u00e1rio 13 horas<\/p>\n<p>Vila Primavera \u2013 dia 12 de setembro \u2013 Hor\u00e1rio 09 horas<\/p>\n<p>Bairro Senhor do Bonfim\/Oiteiro \u2013 dia 13 de setembro \u2013 Hor\u00e1rio 09 horas<\/p>\n<p>Bairro Nossa Senhora de F\u00e1tma\/Coreia \u2013 dia 14 de setembro \u2013 Hor\u00e1rio 09 horas<\/p>\n<p>Loteamento Pinheiro \u2013 dia 19 de setembro \u2013 Hor\u00e1rio 09 horas<\/p>\n<p>Conjunto Vale do S\u00e3o Francisco \u2013 dia 19 de setembro \u2013 Hor\u00e1rio 13 horas<\/p>\n<p>Bairro Santo Ant\u00f4nio\/Barro Vermelho \u2013 dia 20 de setembro \u2013 Hor\u00e1rio 09 horas<\/p>\n<p>Loteamento S\u00e3o Jos\u00e9 \u2013 dia 21 de setembro \u2013 Hor\u00e1rio 09 horas<\/p>\n<p>Castro Alves\/Bititinga \u2013 dia 23 de setembro \u2013 Hor\u00e1rio 09 horas<\/p>\n<p>Conjunto Rosete Andrade \u2013 dia 26 de setembro \u2013 Hor\u00e1rio 09 horas<\/p>\n<p>Conjunto Mata Atl\u00e2ntica \u2013 dia 27 de setembro \u2013 Hor\u00e1rio 09 horas<\/p>\n<p>Vila Matias \u2013 dia 28 de setembro \u2013 Hor\u00e1rio 09 horas<\/p>\n<p>Camartelo \u2013 dia 30 de setembro \u2013 Hor\u00e1rio 09 horas<\/p>\n<p>Santa Cruz \u2013 dia 30 de setembro \u2013 Hor\u00e1rio 13 horas<\/p>\n<p>&nbsp;<\/p>\n<p>&nbsp;<\/p>\n<p><strong>Fonte: Secom PMP<\/strong><\/p>\n<p>&nbsp;<\/p>\n","protected":false},"excerpt":{"rendered":"<p>O calend\u00e1rio para recadastramento das fam\u00edlias benefici\u00e1rias do Programa do Leite foi alterado para agilizar a atualiza\u00e7\u00e3o do cadastro em Penedo. &nbsp; O cronograma da a\u00e7\u00e3o desenvolvida pelos governos estadual e municipal mant\u00e9m a data inicial, mas teve sua conclus\u00e3o antecipada do dia 18 de outubro para 30 de setembro. &nbsp; O trabalho que mant\u00e9m &hellip;<\/p>\n","protected":false},"author":2,"featured_media":24789,"comment_status":"open","ping_status":"open","sticky":false,"template":"","format":"standard","meta":{"_jetpack_memberships_contains_paid_content":false,"footnotes":""},"categories":[1,3],"tags":[],"class_list":["post-24788","post","type-post","status-publish","format-standard","has-post-thumbnail","hentry","category-destaque","category-penedo"],"jetpack_featured_media_url":"https:\/\/www.oparanews.com.br\/wp-content\/uploads\/2022\/08\/programa-do-leite-penedo-foto-debora-alves-3.jpeg","jetpack_sharing_enabled":true,"_links":{"self":[{"href":"https:\/\/www.oparanews.com.br\/index.php\/wp-json\/wp\/v2\/posts\/24788","targetHints":{"allow":["GET"]}}],"collection":[{"href":"https:\/\/www.oparanews.com.br\/index.php\/wp-json\/wp\/v2\/posts"}],"about":[{"href":"https:\/\/www.oparanews.com.br\/index.php\/wp-json\/wp\/v2\/types\/post"}],"author":[{"embeddable":true,"href":"https:\/\/www.oparanews.com.br\/index.php\/wp-json\/wp\/v2\/users\/2"}],"replies":[{"embeddable":true,"href":"https:\/\/www.oparanews.com.br\/index.php\/wp-json\/wp\/v2\/comments?post=24788"}],"version-history":[{"count":1,"href":"https:\/\/www.oparanews.com.br\/index.php\/wp-json\/wp\/v2\/posts\/24788\/revisions"}],"predecessor-version":[{"id":24790,"href":"https:\/\/www.oparanews.com.br\/index.php\/wp-json\/wp\/v2\/posts\/24788\/revisions\/24790"}],"wp:featuredmedia":[{"embeddable":true,"href":"https:\/\/www.oparanews.com.br\/index.php\/wp-json\/wp\/v2\/media\/24789"}],"wp:attachment":[{"href":"https:\/\/www.oparanews.com.br\/index.php\/wp-json\/wp\/v2\/media?parent=24788"}],"wp:term":[{"taxonomy":"category","embeddable":true,"href":"https:\/\/www.oparanews.com.br\/index.php\/wp-json\/wp\/v2\/categories?post=24788"},{"taxonomy":"post_tag","embeddable":true,"href":"https:\/\/www.oparanews.com.br\/index.php\/wp-json\/wp\/v2\/tags?post=24788"}],"curies":[{"name":"wp","href":"https:\/\/api.w.org\/{rel}","templated":true}]}}