{"id":24791,"date":"2022-08-24T16:30:22","date_gmt":"2022-08-24T19:30:22","guid":{"rendered":"https:\/\/www.oparanews.com.br\/?p=24791"},"modified":"2022-08-24T16:30:22","modified_gmt":"2022-08-24T19:30:22","slug":"secretaria-de-saude-de-penedo-realiza-campanha-de-vacinacao-contra-a-meningite","status":"publish","type":"post","link":"https:\/\/www.oparanews.com.br\/index.php\/2022\/08\/24\/secretaria-de-saude-de-penedo-realiza-campanha-de-vacinacao-contra-a-meningite\/","title":{"rendered":"Secretaria de Sa\u00fade de Penedo realiza campanha de vacina\u00e7\u00e3o contra a meningite"},"content":{"rendered":"<p>A Secretaria Municipal de Sa\u00fade (SEMS) inicia nesta quarta-feira, 24, a campanha de vacina\u00e7\u00e3o contra meningite em todos os postos de sa\u00fade de Penedo.<\/p>\n<p>&nbsp;<\/p>\n<p><a href=\"http:\/\/www.oparanews.com.br\/wp-content\/uploads\/2022\/08\/card-vacina-meningite-sems-penedo.jpg\"><img loading=\"lazy\" decoding=\"async\" class=\"alignleft size-medium wp-image-24792\" src=\"http:\/\/www.oparanews.com.br\/wp-content\/uploads\/2022\/08\/card-vacina-meningite-sems-penedo-300x300.jpg\" alt=\"\" width=\"300\" height=\"300\" srcset=\"https:\/\/www.oparanews.com.br\/wp-content\/uploads\/2022\/08\/card-vacina-meningite-sems-penedo-300x300.jpg 300w, https:\/\/www.oparanews.com.br\/wp-content\/uploads\/2022\/08\/card-vacina-meningite-sems-penedo-1024x1024.jpg 1024w, https:\/\/www.oparanews.com.br\/wp-content\/uploads\/2022\/08\/card-vacina-meningite-sems-penedo-150x150.jpg 150w, https:\/\/www.oparanews.com.br\/wp-content\/uploads\/2022\/08\/card-vacina-meningite-sems-penedo-768x768.jpg 768w, https:\/\/www.oparanews.com.br\/wp-content\/uploads\/2022\/08\/card-vacina-meningite-sems-penedo.jpg 1080w\" sizes=\"auto, (max-width: 300px) 100vw, 300px\" \/><\/a>A vacina \u00e9 destinada para trabalhadores da sa\u00fade e para crian\u00e7as com idade de 5 anos at\u00e9 menores de 10 anos que ainda n\u00e3o foram imunizadas contra meningite.<\/p>\n<p>&nbsp;<\/p>\n<p>Os documentos exigidos para vacina\u00e7\u00e3o s\u00e3o a caderneta de vacina, CPF, cart\u00e3o do SUS e documento comprobat\u00f3rio de v\u00ednculo profissional.<\/p>\n<p>&nbsp;<\/p>\n<p>N\u00e3o deixe de vacinar seu filho ou filha porque a meningite \u00e9 uma doen\u00e7a grave, com alto \u00edndice de mortalidade.<\/p>\n<p>&nbsp;<\/p>\n<p>Procure uma unidade de sa\u00fade da SEMS Penedo nos hor\u00e1rios entre 7 horas e 11h30 e das 13h30 at\u00e9 as 17 horas. Vacinar \u00e9 um ato de amor, proteja sua crian\u00e7a.<\/p>\n<p>&nbsp;<\/p>\n<p>&nbsp;<\/p>\n<p>&nbsp;<\/p>\n<p><strong>Fonte: Secom PMP com Assessoria SEMS<\/strong><\/p>\n<p>&nbsp;<\/p>\n","protected":false},"excerpt":{"rendered":"<p>A Secretaria Municipal de Sa\u00fade (SEMS) inicia nesta quarta-feira, 24, a campanha de vacina\u00e7\u00e3o contra meningite em todos os postos de sa\u00fade de Penedo. &nbsp; A vacina \u00e9 destinada para trabalhadores da sa\u00fade e para crian\u00e7as com idade de 5 anos at\u00e9 menores de 10 anos que ainda n\u00e3o foram imunizadas contra meningite. &nbsp; Os &hellip;<\/p>\n","protected":false},"author":2,"featured_media":24792,"comment_status":"open","ping_status":"open","sticky":false,"template":"","format":"standard","meta":{"_jetpack_memberships_contains_paid_content":false,"footnotes":""},"categories":[1,3],"tags":[],"class_list":["post-24791","post","type-post","status-publish","format-standard","has-post-thumbnail","hentry","category-destaque","category-penedo"],"jetpack_featured_media_url":"https:\/\/www.oparanews.com.br\/wp-content\/uploads\/2022\/08\/card-vacina-meningite-sems-penedo.jpg","jetpack_sharing_enabled":true,"_links":{"self":[{"href":"https:\/\/www.oparanews.com.br\/index.php\/wp-json\/wp\/v2\/posts\/24791","targetHints":{"allow":["GET"]}}],"collection":[{"href":"https:\/\/www.oparanews.com.br\/index.php\/wp-json\/wp\/v2\/posts"}],"about":[{"href":"https:\/\/www.oparanews.com.br\/index.php\/wp-json\/wp\/v2\/types\/post"}],"author":[{"embeddable":true,"href":"https:\/\/www.oparanews.com.br\/index.php\/wp-json\/wp\/v2\/users\/2"}],"replies":[{"embeddable":true,"href":"https:\/\/www.oparanews.com.br\/index.php\/wp-json\/wp\/v2\/comments?post=24791"}],"version-history":[{"count":1,"href":"https:\/\/www.oparanews.com.br\/index.php\/wp-json\/wp\/v2\/posts\/24791\/revisions"}],"predecessor-version":[{"id":24793,"href":"https:\/\/www.oparanews.com.br\/index.php\/wp-json\/wp\/v2\/posts\/24791\/revisions\/24793"}],"wp:featuredmedia":[{"embeddable":true,"href":"https:\/\/www.oparanews.com.br\/index.php\/wp-json\/wp\/v2\/media\/24792"}],"wp:attachment":[{"href":"https:\/\/www.oparanews.com.br\/index.php\/wp-json\/wp\/v2\/media?parent=24791"}],"wp:term":[{"taxonomy":"category","embeddable":true,"href":"https:\/\/www.oparanews.com.br\/index.php\/wp-json\/wp\/v2\/categories?post=24791"},{"taxonomy":"post_tag","embeddable":true,"href":"https:\/\/www.oparanews.com.br\/index.php\/wp-json\/wp\/v2\/tags?post=24791"}],"curies":[{"name":"wp","href":"https:\/\/api.w.org\/{rel}","templated":true}]}}