{"id":24813,"date":"2022-08-26T07:58:00","date_gmt":"2022-08-26T10:58:00","guid":{"rendered":"https:\/\/www.oparanews.com.br\/?p=24813"},"modified":"2022-08-26T07:58:00","modified_gmt":"2022-08-26T10:58:00","slug":"guilherme-lopes-vai-lutar-pela-criacao-do-hospital-regional-do-baixo-sao-francisco","status":"publish","type":"post","link":"https:\/\/www.oparanews.com.br\/index.php\/2022\/08\/26\/guilherme-lopes-vai-lutar-pela-criacao-do-hospital-regional-do-baixo-sao-francisco\/","title":{"rendered":"Guilherme Lopes vai lutar pela cria\u00e7\u00e3o do Hospital Regional do baixo S\u00e3o Francisco"},"content":{"rendered":"<p>A experi\u00eancia administrativa mostra que os avan\u00e7os podem ser alcan\u00e7ados ampliando o apoio \u00e0s institui\u00e7\u00f5es que prestam servi\u00e7os e tamb\u00e9m a estrutura da rede p\u00fablica.<\/p>\n<p>&nbsp;<\/p>\n<p>De forma pr\u00e1tica, isso significa a continuidade da assist\u00eancia prestada pela rede da Santa Casa de Miseric\u00f3rdia ou das entidades que atendem Pessoas com Defici\u00eancia (PcD).<\/p>\n<p>&nbsp;<\/p>\n<p>Para Penedo e demais cidades ribeirinhas e do Litoral Sul, o compromisso de quem pode representar melhor a regi\u00e3o est\u00e1 assegurado.<\/p>\n<p>&nbsp;<\/p>\n<p>\u201cO nosso povo precisa ser amparado por um servi\u00e7o de sa\u00fade digno, com boas condi\u00e7\u00f5es estruturais e garantia de acesso a toda popula\u00e7\u00e3o\u201d, afirma Guilherme Lopes, pronto para atuar em favor da nossa gente.<\/p>\n<p>&nbsp;<\/p>\n<p>\u201cVamos trabalhar por melhorias cont\u00ednuas, com mais investimentos do Estado na Santa Casa de Penedo, por exemplo\u201d, ressalta o jovem que tem o DNA de homens p\u00fablicos que honram a miss\u00e3o confiada pelo povo.<\/p>\n<p>&nbsp;<\/p>\n<p>Guilherme Lopes \u00e9 filho de Ronaldo Lopes, Prefeito de Penedo que alcan\u00e7a o impressionante \u00edndice de 90% de aprova\u00e7\u00e3o do seu governo de apenas um ano e sete meses, segundo pesquisa do Instituto Ibrape.<\/p>\n<p>&nbsp;<\/p>\n<p>O ex-secret\u00e1rio de sa\u00fade tamb\u00e9m \u00e9 neto do saudoso Dr. H\u00e9lio Lopes, ex-prefeito, ex-deputado estadual, gestor da Santa Casa de Penedo e do Lifal, \u00faltimo representante de Penedo e da regi\u00e3o na Assembleia Legislativa Estadual (ALE).<\/p>\n<p>&nbsp;<\/p>\n<p>Com o slogan \u201cAgora a Gente Tem Vez\u201d, Guilherme est\u00e1 pronto para trabalhar por todos os alagoanos.<\/p>\n<p>&nbsp;<\/p>\n<p>&nbsp;<\/p>\n<p>&nbsp;<\/p>\n<p><strong>Fonte: Assessoria<\/strong><\/p>\n<p>&nbsp;<\/p>\n","protected":false},"excerpt":{"rendered":"<p>A experi\u00eancia administrativa mostra que os avan\u00e7os podem ser alcan\u00e7ados ampliando o apoio \u00e0s institui\u00e7\u00f5es que prestam servi\u00e7os e tamb\u00e9m a estrutura da rede p\u00fablica. &nbsp; De forma pr\u00e1tica, isso significa a continuidade da assist\u00eancia prestada pela rede da Santa Casa de Miseric\u00f3rdia ou das entidades que atendem Pessoas com Defici\u00eancia (PcD). &nbsp; Para Penedo &hellip;<\/p>\n","protected":false},"author":2,"featured_media":24814,"comment_status":"open","ping_status":"open","sticky":false,"template":"","format":"standard","meta":{"_jetpack_memberships_contains_paid_content":false,"footnotes":""},"categories":[1,3],"tags":[],"class_list":["post-24813","post","type-post","status-publish","format-standard","has-post-thumbnail","hentry","category-destaque","category-penedo"],"jetpack_featured_media_url":"https:\/\/www.oparanews.com.br\/wp-content\/uploads\/2022\/08\/rsw_800h_500i_truecg_trueft_cover-2.webp","jetpack_sharing_enabled":true,"_links":{"self":[{"href":"https:\/\/www.oparanews.com.br\/index.php\/wp-json\/wp\/v2\/posts\/24813","targetHints":{"allow":["GET"]}}],"collection":[{"href":"https:\/\/www.oparanews.com.br\/index.php\/wp-json\/wp\/v2\/posts"}],"about":[{"href":"https:\/\/www.oparanews.com.br\/index.php\/wp-json\/wp\/v2\/types\/post"}],"author":[{"embeddable":true,"href":"https:\/\/www.oparanews.com.br\/index.php\/wp-json\/wp\/v2\/users\/2"}],"replies":[{"embeddable":true,"href":"https:\/\/www.oparanews.com.br\/index.php\/wp-json\/wp\/v2\/comments?post=24813"}],"version-history":[{"count":1,"href":"https:\/\/www.oparanews.com.br\/index.php\/wp-json\/wp\/v2\/posts\/24813\/revisions"}],"predecessor-version":[{"id":24815,"href":"https:\/\/www.oparanews.com.br\/index.php\/wp-json\/wp\/v2\/posts\/24813\/revisions\/24815"}],"wp:featuredmedia":[{"embeddable":true,"href":"https:\/\/www.oparanews.com.br\/index.php\/wp-json\/wp\/v2\/media\/24814"}],"wp:attachment":[{"href":"https:\/\/www.oparanews.com.br\/index.php\/wp-json\/wp\/v2\/media?parent=24813"}],"wp:term":[{"taxonomy":"category","embeddable":true,"href":"https:\/\/www.oparanews.com.br\/index.php\/wp-json\/wp\/v2\/categories?post=24813"},{"taxonomy":"post_tag","embeddable":true,"href":"https:\/\/www.oparanews.com.br\/index.php\/wp-json\/wp\/v2\/tags?post=24813"}],"curies":[{"name":"wp","href":"https:\/\/api.w.org\/{rel}","templated":true}]}}