{"id":24816,"date":"2022-08-26T15:44:58","date_gmt":"2022-08-26T18:44:58","guid":{"rendered":"https:\/\/www.oparanews.com.br\/?p=24816"},"modified":"2022-08-26T15:44:58","modified_gmt":"2022-08-26T18:44:58","slug":"prefeitura-de-penedo-divulga-programacao-da-semana-da-patria","status":"publish","type":"post","link":"https:\/\/www.oparanews.com.br\/index.php\/2022\/08\/26\/prefeitura-de-penedo-divulga-programacao-da-semana-da-patria\/","title":{"rendered":"Prefeitura de Penedo divulga programa\u00e7\u00e3o da Semana da P\u00e1tria"},"content":{"rendered":"<p>As comemora\u00e7\u00f5es alusivas \u00e0 Semana da P\u00e1tria em Penedo ser\u00e3o abertas na pr\u00f3xima quinta-feira, 01 de setembro, data de abertura da programa\u00e7\u00e3o que antecede ao desfile c\u00edvico que comemora os 200 anos da independ\u00eancia do Brasil.<\/p>\n<p>&nbsp;<\/p>\n<p>As solenidades acontecem nos dias 01, 02, 05 e 06, sempre a partir das 7h30, no Pa\u00e7o Municipal, entre a sede do Poder Executivo Municipal e a Pra\u00e7a Bar\u00e3o de Penedo.<\/p>\n<p>&nbsp;<\/p>\n<p>Al\u00e9m da execu\u00e7\u00e3o do hino nacional e do hasteamento de bandeiras, as for\u00e7as de seguran\u00e7a com unidade instalada em Penedo ir\u00e3o demonstrar atividades, uma por dia.<\/p>\n<p>&nbsp;<\/p>\n<p>O prefeito Ronaldo Lopes far\u00e1 o discurso de abertura da Semana da P\u00e1tria, solenidade aberta ao p\u00fablico, com presen\u00e7a di\u00e1ria de diretores, professores e estudantes de col\u00e9gios particulares e de unidades das redes p\u00fablica municipal, estadual e federal.<\/p>\n<p>&nbsp;<\/p>\n<p>Confira abaixo a programa\u00e7\u00e3o da Semana da P\u00e1tria 2022<\/p>\n<p>&nbsp;<\/p>\n<p><strong>Quinta-feira: 01\/09\/2022<\/strong><\/p>\n<p>Orador: Prefeito Ronaldo Lopes<\/p>\n<p>Evolu\u00e7\u00e3o: 11\u00ba Batalh\u00e3o de Pol\u00edcia Militar<\/p>\n<p>&nbsp;<\/p>\n<p>Escolas: EMEB Josef Bergmann, EMEB Prof\u00aa Helena Carvalho de Oliveira, EMEB Vereador Jos\u00e9 da Costa Mangabeira, Escola Estadual Gabino Besouro, Escola Estadual Alcides Andrade, Col\u00e9gio Imaculada Concei\u00e7\u00e3o e Instituto Federal de Alagoas \u2013 IFAL.<\/p>\n<p>Banda: Sociedade Musical Penedense<\/p>\n<p>&nbsp;<\/p>\n<p><strong>Sexta-feira: 02\/09\/2022<\/strong><\/p>\n<p>Orador: Aluno da EMEB Professor Douglas Apratto Ten\u00f3rio<\/p>\n<p>Evolu\u00e7\u00e3o: 6\u00ba Grupamento de Bombeiro Militar<\/p>\n<p>Escolas: EMEB Professor Douglas Apratto Ten\u00f3rio, EMEB Vereador Manoel Soares de Melo, EMEB C\u00e2ndido Toledo, EMEB Paulo VI, EMEB Irm\u00e3 Jolenta, Escola Estadual Professor Ernani M\u00e9ro, Escola Estadual Herm\u00edlio de Freitas, Escola Nossa Senhora Auxiliadora, Col\u00e9gio Diocesano de Penedo.<\/p>\n<p>Banda: Col\u00e9gio Nossa Senhora de F\u00e1tima<\/p>\n<p>&nbsp;<\/p>\n<p><strong>Segunda-feira: 05\/09\/2022<\/strong><\/p>\n<p>Orador: Aluna da EMEB Paulo VI<\/p>\n<p>Evolu\u00e7\u00e3o: Marinha do Brasil<\/p>\n<p>Escolas: EMEB Santa Luzia, EMEB Manoel Tavares, Col\u00e9gio Sagrado Cora\u00e7\u00e3o de Jesus, Col\u00e9gio Nossa Senhora de F\u00e1tima e Escola Estadual Ruth Mendon\u00e7a.<\/p>\n<p>Banda: Sociedade Montepio dos Artistas<\/p>\n<p>&nbsp;<\/p>\n<p><strong>Ter\u00e7a-feira: 06\/09\/2022<\/strong><\/p>\n<p>Orador: Secret\u00e1rio Municipal de Educa\u00e7\u00e3o, Luciano Barros Lucena<\/p>\n<p>Evolu\u00e7\u00e3o: Tiro de Guerra<\/p>\n<p>Escolas: EMEB Bar\u00e3o de Penedo, EMEB Isabel Cristina Alves Toledo, EMEB Rotary, EMEB Dom Constantino, Escola Estadual Jo\u00e3o Valeriano, Escola Estadual Comendador Jos\u00e9 da Silva Peixoto e COOPEPE.<\/p>\n<p>Banda: Banda Municipal Jorge Souza Nascimento<\/p>\n<p>&nbsp;<\/p>\n<p>&nbsp;<\/p>\n<p>&nbsp;<\/p>\n<p><strong>Fonte: Secom PMP<\/strong><\/p>\n<p>&nbsp;<\/p>\n","protected":false},"excerpt":{"rendered":"<p>As comemora\u00e7\u00f5es alusivas \u00e0 Semana da P\u00e1tria em Penedo ser\u00e3o abertas na pr\u00f3xima quinta-feira, 01 de setembro, data de abertura da programa\u00e7\u00e3o que antecede ao desfile c\u00edvico que comemora os 200 anos da independ\u00eancia do Brasil. &nbsp; As solenidades acontecem nos dias 01, 02, 05 e 06, sempre a partir das 7h30, no Pa\u00e7o Municipal, &hellip;<\/p>\n","protected":false},"author":2,"featured_media":24817,"comment_status":"open","ping_status":"open","sticky":false,"template":"","format":"standard","meta":{"_jetpack_memberships_contains_paid_content":false,"footnotes":""},"categories":[1,3],"tags":[],"class_list":["post-24816","post","type-post","status-publish","format-standard","has-post-thumbnail","hentry","category-destaque","category-penedo"],"jetpack_featured_media_url":"https:\/\/www.oparanews.com.br\/wp-content\/uploads\/2022\/08\/hasteamento-bandeiras-penedo-696x464-1.jpg","jetpack_sharing_enabled":true,"_links":{"self":[{"href":"https:\/\/www.oparanews.com.br\/index.php\/wp-json\/wp\/v2\/posts\/24816","targetHints":{"allow":["GET"]}}],"collection":[{"href":"https:\/\/www.oparanews.com.br\/index.php\/wp-json\/wp\/v2\/posts"}],"about":[{"href":"https:\/\/www.oparanews.com.br\/index.php\/wp-json\/wp\/v2\/types\/post"}],"author":[{"embeddable":true,"href":"https:\/\/www.oparanews.com.br\/index.php\/wp-json\/wp\/v2\/users\/2"}],"replies":[{"embeddable":true,"href":"https:\/\/www.oparanews.com.br\/index.php\/wp-json\/wp\/v2\/comments?post=24816"}],"version-history":[{"count":1,"href":"https:\/\/www.oparanews.com.br\/index.php\/wp-json\/wp\/v2\/posts\/24816\/revisions"}],"predecessor-version":[{"id":24818,"href":"https:\/\/www.oparanews.com.br\/index.php\/wp-json\/wp\/v2\/posts\/24816\/revisions\/24818"}],"wp:featuredmedia":[{"embeddable":true,"href":"https:\/\/www.oparanews.com.br\/index.php\/wp-json\/wp\/v2\/media\/24817"}],"wp:attachment":[{"href":"https:\/\/www.oparanews.com.br\/index.php\/wp-json\/wp\/v2\/media?parent=24816"}],"wp:term":[{"taxonomy":"category","embeddable":true,"href":"https:\/\/www.oparanews.com.br\/index.php\/wp-json\/wp\/v2\/categories?post=24816"},{"taxonomy":"post_tag","embeddable":true,"href":"https:\/\/www.oparanews.com.br\/index.php\/wp-json\/wp\/v2\/tags?post=24816"}],"curies":[{"name":"wp","href":"https:\/\/api.w.org\/{rel}","templated":true}]}}