{"id":24826,"date":"2022-08-27T12:20:35","date_gmt":"2022-08-27T15:20:35","guid":{"rendered":"https:\/\/www.oparanews.com.br\/?p=24826"},"modified":"2022-08-27T12:20:35","modified_gmt":"2022-08-27T15:20:35","slug":"assistencia-social-realizada-pela-prefeitura-de-penedo-e-destaque-em-alagoas","status":"publish","type":"post","link":"https:\/\/www.oparanews.com.br\/index.php\/2022\/08\/27\/assistencia-social-realizada-pela-prefeitura-de-penedo-e-destaque-em-alagoas\/","title":{"rendered":"Assist\u00eancia social realizada pela Prefeitura de Penedo \u00e9 destaque em Alagoas"},"content":{"rendered":"<p>Trabalhar para as pol\u00edticas p\u00fablicas alcan\u00e7arem o maior n\u00famero de pessoas que realmente precisam delas \u00e9 meta prometida e cumprida no governo Ronaldo Lopes.<\/p>\n<p>&nbsp;<\/p>\n<p>Com planejamento e atua\u00e7\u00e3o fora dos gabinetes, a gest\u00e3o tem um dos melhores \u00edndices de inclus\u00e3o e atualiza\u00e7\u00e3o de fam\u00edlias em situa\u00e7\u00e3o de pobreza ou de extrema pobreza em programas sociais.<\/p>\n<p><a href=\"http:\/\/www.oparanews.com.br\/wp-content\/uploads\/2022\/08\/WhatsApp-Image-2022-08-26-at-17.04.52-1-696x522-1.jpeg\"><img loading=\"lazy\" decoding=\"async\" class=\"aligncenter size-full wp-image-24830\" src=\"http:\/\/www.oparanews.com.br\/wp-content\/uploads\/2022\/08\/WhatsApp-Image-2022-08-26-at-17.04.52-1-696x522-1.jpeg\" alt=\"\" width=\"696\" height=\"522\" srcset=\"https:\/\/www.oparanews.com.br\/wp-content\/uploads\/2022\/08\/WhatsApp-Image-2022-08-26-at-17.04.52-1-696x522-1.jpeg 696w, https:\/\/www.oparanews.com.br\/wp-content\/uploads\/2022\/08\/WhatsApp-Image-2022-08-26-at-17.04.52-1-696x522-1-300x225.jpeg 300w\" sizes=\"auto, (max-width: 696px) 100vw, 696px\" \/><\/a><\/p>\n<p>A avalia\u00e7\u00e3o \u00e9 do Minist\u00e9rio da Cidadania, fundamentada em informa\u00e7\u00f5es do Cadastro \u00danico (CadUnico) que colocam Penedo, Arapiraca e Macei\u00f3 com os tr\u00eas melhores resultados de Alagoas.<\/p>\n<p>&nbsp;<\/p>\n<p>\u201cA orienta\u00e7\u00e3o do Prefeito Ronaldo Lopes \u00e9 levar os servi\u00e7os at\u00e9 as pessoas que mais precisam e \u00e9 isso tem feito muita diferen\u00e7a para o povo de Penedo\u201d, explica Rafael Ferreira, Secret\u00e1rio Municipal de Desenvolvimento Social e Habita\u00e7\u00e3o (SEMDSH).<\/p>\n<p>&nbsp;<\/p>\n<p>A identifica\u00e7\u00e3o de fam\u00edlias com renda mensal de at\u00e9 3 sal\u00e1rios m\u00ednimos ou metade do valor de um sal\u00e1rio m\u00ednimo por pessoa inseriu mais de onze mil fam\u00edlias no CadUnico em Penedo.<\/p>\n<p><a href=\"http:\/\/www.oparanews.com.br\/wp-content\/uploads\/2022\/08\/semdsh-penedo-assistencia-8.jpg\"><img loading=\"lazy\" decoding=\"async\" class=\"aligncenter size-full wp-image-24829\" src=\"http:\/\/www.oparanews.com.br\/wp-content\/uploads\/2022\/08\/semdsh-penedo-assistencia-8.jpg\" alt=\"\" width=\"1024\" height=\"683\" srcset=\"https:\/\/www.oparanews.com.br\/wp-content\/uploads\/2022\/08\/semdsh-penedo-assistencia-8.jpg 1024w, https:\/\/www.oparanews.com.br\/wp-content\/uploads\/2022\/08\/semdsh-penedo-assistencia-8-300x200.jpg 300w, https:\/\/www.oparanews.com.br\/wp-content\/uploads\/2022\/08\/semdsh-penedo-assistencia-8-768x512.jpg 768w\" sizes=\"auto, (max-width: 1024px) 100vw, 1024px\" \/><\/a><\/p>\n<p>\u201cNo in\u00edcio do ano passado, quando assumimos a gest\u00e3o da SEMDSH, havia cerca de nove mil fam\u00edlias no Cadastro \u00danico. Em um ano e seis meses, em meio \u00e0 pandemia de Covid, nosso trabalho mais do que dobrou a inclus\u00e3o no sistema que \u00e9 a porta de entrada para os benef\u00edcios do governo federal\u201d, destaca Rafael Ferreira.<\/p>\n<p>&nbsp;<\/p>\n<p><strong>At\u00e9 junho, a base de dados oficial informa os seguintes avan\u00e7os em Penedo:<\/strong><\/p>\n<p>&nbsp;<\/p>\n<p>21.202 fam\u00edlias inseridas no Cadastro \u00danico;<br \/>\n15.448 fam\u00edlias com o cadastro atualizado nos \u00faltimos dois anos;<br \/>\n17.990 fam\u00edlias com renda at\u00e9 \u00bd sal\u00e1rio m\u00ednimo; e<br \/>\n14.025 fam\u00edlias com renda at\u00e9 \u00bd sal\u00e1rio m\u00ednimo com o cadastro atualizado.<\/p>\n<p><a href=\"http:\/\/www.oparanews.com.br\/wp-content\/uploads\/2022\/08\/cadastro-do-Cria-696x464-1.jpg\"><img loading=\"lazy\" decoding=\"async\" class=\"aligncenter size-full wp-image-24828\" src=\"http:\/\/www.oparanews.com.br\/wp-content\/uploads\/2022\/08\/cadastro-do-Cria-696x464-1.jpg\" alt=\"\" width=\"696\" height=\"464\" srcset=\"https:\/\/www.oparanews.com.br\/wp-content\/uploads\/2022\/08\/cadastro-do-Cria-696x464-1.jpg 696w, https:\/\/www.oparanews.com.br\/wp-content\/uploads\/2022\/08\/cadastro-do-Cria-696x464-1-300x200.jpg 300w\" sizes=\"auto, (max-width: 696px) 100vw, 696px\" \/><\/a><\/p>\n<p>Ainda de acordo com o Minist\u00e9rio da Cidadania, a Taxa de Atualiza\u00e7\u00e3o Cadastral (TAC) de Penedo \u00e9 melhor do que a m\u00e9dia nacional.<\/p>\n<p>&nbsp;<\/p>\n<p>O trabalho da SEMDSH durante a gest\u00e3o Ronaldo Lopes elevou o \u00edndice da TAC para 77,96%, mais de 6 pontos percentuais do \u00edndice geral, que encontra-se em 71,39%.<\/p>\n<p>&nbsp;<\/p>\n<p>\u201cIsso significa que o cadastro no munic\u00edpio est\u00e1 bem focalizado e atualizado, ou seja, a maioria das fam\u00edlias cadastradas pertence ao p\u00fablico alvo do Cadastro \u00danico\u201d, informa o \u00f3rg\u00e3o federal na p\u00e1gina sobre Cadastro \u00danico e o Aux\u00edlio Brasil a respeito do trabalho desenvolvido em Penedo.<\/p>\n<p>&nbsp;<\/p>\n<p>&nbsp;<\/p>\n<p><strong>por Fernando Vin\u00edcius \u2013 Secom PMP<\/strong><\/p>\n<p>&nbsp;<\/p>\n","protected":false},"excerpt":{"rendered":"<p>Trabalhar para as pol\u00edticas p\u00fablicas alcan\u00e7arem o maior n\u00famero de pessoas que realmente precisam delas \u00e9 meta prometida e cumprida no governo Ronaldo Lopes. &nbsp; Com planejamento e atua\u00e7\u00e3o fora dos gabinetes, a gest\u00e3o tem um dos melhores \u00edndices de inclus\u00e3o e atualiza\u00e7\u00e3o de fam\u00edlias em situa\u00e7\u00e3o de pobreza ou de extrema pobreza em programas &hellip;<\/p>\n","protected":false},"author":2,"featured_media":24827,"comment_status":"open","ping_status":"open","sticky":false,"template":"","format":"standard","meta":{"_jetpack_memberships_contains_paid_content":false,"footnotes":""},"categories":[1,3],"tags":[],"class_list":["post-24826","post","type-post","status-publish","format-standard","has-post-thumbnail","hentry","category-destaque","category-penedo"],"jetpack_featured_media_url":"https:\/\/www.oparanews.com.br\/wp-content\/uploads\/2022\/08\/Sem-titulo-2.jpg","jetpack_sharing_enabled":true,"_links":{"self":[{"href":"https:\/\/www.oparanews.com.br\/index.php\/wp-json\/wp\/v2\/posts\/24826","targetHints":{"allow":["GET"]}}],"collection":[{"href":"https:\/\/www.oparanews.com.br\/index.php\/wp-json\/wp\/v2\/posts"}],"about":[{"href":"https:\/\/www.oparanews.com.br\/index.php\/wp-json\/wp\/v2\/types\/post"}],"author":[{"embeddable":true,"href":"https:\/\/www.oparanews.com.br\/index.php\/wp-json\/wp\/v2\/users\/2"}],"replies":[{"embeddable":true,"href":"https:\/\/www.oparanews.com.br\/index.php\/wp-json\/wp\/v2\/comments?post=24826"}],"version-history":[{"count":1,"href":"https:\/\/www.oparanews.com.br\/index.php\/wp-json\/wp\/v2\/posts\/24826\/revisions"}],"predecessor-version":[{"id":24831,"href":"https:\/\/www.oparanews.com.br\/index.php\/wp-json\/wp\/v2\/posts\/24826\/revisions\/24831"}],"wp:featuredmedia":[{"embeddable":true,"href":"https:\/\/www.oparanews.com.br\/index.php\/wp-json\/wp\/v2\/media\/24827"}],"wp:attachment":[{"href":"https:\/\/www.oparanews.com.br\/index.php\/wp-json\/wp\/v2\/media?parent=24826"}],"wp:term":[{"taxonomy":"category","embeddable":true,"href":"https:\/\/www.oparanews.com.br\/index.php\/wp-json\/wp\/v2\/categories?post=24826"},{"taxonomy":"post_tag","embeddable":true,"href":"https:\/\/www.oparanews.com.br\/index.php\/wp-json\/wp\/v2\/tags?post=24826"}],"curies":[{"name":"wp","href":"https:\/\/api.w.org\/{rel}","templated":true}]}}