{"id":24835,"date":"2022-08-28T20:46:21","date_gmt":"2022-08-28T23:46:21","guid":{"rendered":"https:\/\/www.oparanews.com.br\/?p=24835"},"modified":"2022-08-28T20:46:21","modified_gmt":"2022-08-28T23:46:21","slug":"justica-eleitoral-pune-rodrigo-cunha-e-jo-pereira-por-propaganda-ilegal","status":"publish","type":"post","link":"https:\/\/www.oparanews.com.br\/index.php\/2022\/08\/28\/justica-eleitoral-pune-rodrigo-cunha-e-jo-pereira-por-propaganda-ilegal\/","title":{"rendered":"Justi\u00e7a Eleitoral pune Rodrigo Cunha e J\u00f3 Pereira por propaganda ilegal"},"content":{"rendered":"<p>A Justi\u00e7a Eleitoral de Alagoas puniu neste domingo (28), o candidato ao governo de Alagoas Rodrigo Cunha (Uni\u00e3o Brasil) e a candidata a vice J\u00f3 Pereira (PSDB), por veicularem propaganda eleitoral em r\u00e1dio e TV que fere a legisla\u00e7\u00e3o eleitoral.<\/p>\n<p>&nbsp;<\/p>\n<p>De acordo com decis\u00e3o, a coliga\u00e7\u00e3o Alagoas Merece Mais &#8211; encabe\u00e7ada pelos dois &#8211; teria usado 100% do tempo nas inser\u00e7\u00f5es de \u00b4radio e TV com depoimentos do prefeito de Macei\u00f3, Jo\u00e3o Henrique Caldas (JHC), o prefeito de Arapiraca, Luciano Barbosa e J\u00f3 Pereira, o que fere o artigo 54 da Lei n\u00ba 9.504, que autoriza que apoiadores possam aparecer at\u00e9 o total de 25% do tempo de inser\u00e7\u00f5es.<\/p>\n<p>&nbsp;<\/p>\n<p>A decis\u00e3o estabelece a retirada imediata das propagandas, sob pena de multa de R$ 2 mil, por repeti\u00e7\u00e3o indevida. Al\u00e9m disso, a Justi\u00e7a determinou que a coliga\u00e7\u00e3o comunique a decis\u00e3o \u00e0s emissoras geradoras de TV que divulguem inser\u00e7\u00f5es do hor\u00e1rio eleitoral, de modo a que a propaganda (inser\u00e7\u00f5es do dia 28 de agosto de 2022) de Rodrigo Cunha n\u00e3o seja veiculada novamente.<\/p>\n<p>&nbsp;<\/p>\n<p>&nbsp;<\/p>\n<p><strong>por Carlos Nealdo &#8211; Gazetaweb<\/strong><\/p>\n<p>&nbsp;<\/p>\n","protected":false},"excerpt":{"rendered":"<p>A Justi\u00e7a Eleitoral de Alagoas puniu neste domingo (28), o candidato ao governo de Alagoas Rodrigo Cunha (Uni\u00e3o Brasil) e a candidata a vice J\u00f3 Pereira (PSDB), por veicularem propaganda eleitoral em r\u00e1dio e TV que fere a legisla\u00e7\u00e3o eleitoral. &nbsp; De acordo com decis\u00e3o, a coliga\u00e7\u00e3o Alagoas Merece Mais &#8211; encabe\u00e7ada pelos dois &#8211; &hellip;<\/p>\n","protected":false},"author":2,"featured_media":24837,"comment_status":"open","ping_status":"open","sticky":false,"template":"","format":"standard","meta":{"_jetpack_memberships_contains_paid_content":false,"footnotes":""},"categories":[4,1],"tags":[],"class_list":["post-24835","post","type-post","status-publish","format-standard","has-post-thumbnail","hentry","category-alagoas","category-destaque"],"jetpack_featured_media_url":"https:\/\/www.oparanews.com.br\/wp-content\/uploads\/2022\/08\/aa313950-rodrigo-cunha-tem-como-vice-a-deputada-jo-pereira-na-corrida-pelo-governo-de-alagoas-foto-divulgac-960x561-1.webp","jetpack_sharing_enabled":true,"_links":{"self":[{"href":"https:\/\/www.oparanews.com.br\/index.php\/wp-json\/wp\/v2\/posts\/24835","targetHints":{"allow":["GET"]}}],"collection":[{"href":"https:\/\/www.oparanews.com.br\/index.php\/wp-json\/wp\/v2\/posts"}],"about":[{"href":"https:\/\/www.oparanews.com.br\/index.php\/wp-json\/wp\/v2\/types\/post"}],"author":[{"embeddable":true,"href":"https:\/\/www.oparanews.com.br\/index.php\/wp-json\/wp\/v2\/users\/2"}],"replies":[{"embeddable":true,"href":"https:\/\/www.oparanews.com.br\/index.php\/wp-json\/wp\/v2\/comments?post=24835"}],"version-history":[{"count":1,"href":"https:\/\/www.oparanews.com.br\/index.php\/wp-json\/wp\/v2\/posts\/24835\/revisions"}],"predecessor-version":[{"id":24838,"href":"https:\/\/www.oparanews.com.br\/index.php\/wp-json\/wp\/v2\/posts\/24835\/revisions\/24838"}],"wp:featuredmedia":[{"embeddable":true,"href":"https:\/\/www.oparanews.com.br\/index.php\/wp-json\/wp\/v2\/media\/24837"}],"wp:attachment":[{"href":"https:\/\/www.oparanews.com.br\/index.php\/wp-json\/wp\/v2\/media?parent=24835"}],"wp:term":[{"taxonomy":"category","embeddable":true,"href":"https:\/\/www.oparanews.com.br\/index.php\/wp-json\/wp\/v2\/categories?post=24835"},{"taxonomy":"post_tag","embeddable":true,"href":"https:\/\/www.oparanews.com.br\/index.php\/wp-json\/wp\/v2\/tags?post=24835"}],"curies":[{"name":"wp","href":"https:\/\/api.w.org\/{rel}","templated":true}]}}