{"id":24849,"date":"2022-08-29T21:21:57","date_gmt":"2022-08-30T00:21:57","guid":{"rendered":"https:\/\/www.oparanews.com.br\/?p=24849"},"modified":"2022-08-29T21:21:57","modified_gmt":"2022-08-30T00:21:57","slug":"mulheres-de-penedo-recebem-orientacoes-sobre-violencia-domestica","status":"publish","type":"post","link":"https:\/\/www.oparanews.com.br\/index.php\/2022\/08\/29\/mulheres-de-penedo-recebem-orientacoes-sobre-violencia-domestica\/","title":{"rendered":"Mulheres de Penedo recebem orienta\u00e7\u00f5es sobre viol\u00eancia dom\u00e9stica"},"content":{"rendered":"<p>Como proceder para denunciar situa\u00e7\u00f5es de viol\u00eancia dom\u00e9stica em Penedo? Onde as v\u00edtimas encontram apoio? Por que esse tipo de viol\u00eancia ainda acontece e o que fazer para dar um basta nas ocorr\u00eancias que t\u00eam \u00edndice preocupante em Penedo?<\/p>\n<p>&nbsp;<\/p>\n<p>As respostas aos questionamentos foram apresentadas \u00e0s mulheres assistidas nos servi\u00e7os da Secretaria Municipal de Desenvolvimento Social e Habita\u00e7\u00e3o (SEMDSH).<\/p>\n<p>&nbsp;<\/p>\n<p>Reunidas na tarde desta segunda-feira, 29, no Centro Juvenil Maria Auxiliadora, elas receberam orienta\u00e7\u00e3o por meio de palestras e de forma l\u00fadica, com can\u00e7\u00f5es e frases que enaltecem as virtudes da mulher e alertam para o combate \u00e0 viol\u00eancia.<\/p>\n<p><a href=\"http:\/\/www.oparanews.com.br\/wp-content\/uploads\/2022\/08\/andreia-santana-semdsh-penedo-foto-deywisson-duarte-696x464-1.jpeg\"><img loading=\"lazy\" decoding=\"async\" class=\"aligncenter size-full wp-image-24850\" src=\"http:\/\/www.oparanews.com.br\/wp-content\/uploads\/2022\/08\/andreia-santana-semdsh-penedo-foto-deywisson-duarte-696x464-1.jpeg\" alt=\"\" width=\"696\" height=\"464\" srcset=\"https:\/\/www.oparanews.com.br\/wp-content\/uploads\/2022\/08\/andreia-santana-semdsh-penedo-foto-deywisson-duarte-696x464-1.jpeg 696w, https:\/\/www.oparanews.com.br\/wp-content\/uploads\/2022\/08\/andreia-santana-semdsh-penedo-foto-deywisson-duarte-696x464-1-300x200.jpeg 300w\" sizes=\"auto, (max-width: 696px) 100vw, 696px\" \/><\/a><\/p>\n<p>A assistente social Andr\u00e9ia Santana falou sobre a Lei Maria da Penha e destacou a necessidade de educar crian\u00e7as e adolescentes sobre o devido respeito \u00e0s meninas, evitando a evolu\u00e7\u00e3o de comportamentos machistas e mis\u00f3ginos que, mais adiante, podem gerar mais viol\u00eancia contra a mulher (f\u00edsica, moral, sexual, patrimonial ou psicol\u00f3gica).<\/p>\n<p>&nbsp;<\/p>\n<p><strong>Patrulha Maria da Penha<\/strong><\/p>\n<p>&nbsp;<\/p>\n<p>Representando a Pol\u00edcia Militar, a Tenente Lygia M\u00e1ximo (11\u00ba BPM) explicou as origens da no\u00e7\u00e3o equivocada que homens t\u00eam sobre serem \u2018donos\u2019 de sua companheira, informando o n\u00famero do disque den\u00fancia (190) que assegura sigilo da identidade de quem denuncia.<\/p>\n<p>&nbsp;<\/p>\n<p>Ela orientou que quanto mais precisas forem as informa\u00e7\u00f5es sobre a ocorr\u00eancia, melhor ser\u00e1 para a devida atua\u00e7\u00e3o da pol\u00edcia e confirmou que a implanta\u00e7\u00e3o da Patrulha Maria da Penha em Penedo est\u00e1 em sua fase final.<\/p>\n<p><a href=\"http:\/\/www.oparanews.com.br\/wp-content\/uploads\/2022\/08\/semdsh-penedo-agosto-lilas-foto-deywisson-duarte-5.jpeg\"><img loading=\"lazy\" decoding=\"async\" class=\"aligncenter size-full wp-image-24853\" src=\"http:\/\/www.oparanews.com.br\/wp-content\/uploads\/2022\/08\/semdsh-penedo-agosto-lilas-foto-deywisson-duarte-5.jpeg\" alt=\"\" width=\"1280\" height=\"853\" srcset=\"https:\/\/www.oparanews.com.br\/wp-content\/uploads\/2022\/08\/semdsh-penedo-agosto-lilas-foto-deywisson-duarte-5.jpeg 1280w, https:\/\/www.oparanews.com.br\/wp-content\/uploads\/2022\/08\/semdsh-penedo-agosto-lilas-foto-deywisson-duarte-5-300x200.jpeg 300w, https:\/\/www.oparanews.com.br\/wp-content\/uploads\/2022\/08\/semdsh-penedo-agosto-lilas-foto-deywisson-duarte-5-1024x682.jpeg 1024w, https:\/\/www.oparanews.com.br\/wp-content\/uploads\/2022\/08\/semdsh-penedo-agosto-lilas-foto-deywisson-duarte-5-768x512.jpeg 768w\" sizes=\"auto, (max-width: 1280px) 100vw, 1280px\" \/><\/a><\/p>\n<p>A Tenente Lygia tamb\u00e9m alertou sobre a import\u00e2ncia da solicita\u00e7\u00e3o de medida protetiva por parte das mulheres, no ato da formaliza\u00e7\u00e3o do boletim de ocorr\u00eancia contra o agressor, na delegacia de Pol\u00edcia Civil.<\/p>\n<p>&nbsp;<\/p>\n<p><strong>Mulheres de Penedo t\u00eam acesso \u00e0 rede de prote\u00e7\u00e3o contra viol\u00eancia<\/strong><\/p>\n<p>&nbsp;<\/p>\n<p>A assistente social e Diretora do Centro de Refer\u00eancia Especializada em Assist\u00eancia Social (CREAS) da SEMDSH, Gilv\u00e2nia Fagundes, destacou mais um avan\u00e7o na rede de prote\u00e7\u00e3o para v\u00edtimas de viol\u00eancia dom\u00e9stica, o Juizado da Mulher em Penedo.<\/p>\n<p>&nbsp;<\/p>\n<p>A inst\u00e2ncia legal especializada foi criada em mar\u00e7o deste ano e tem o Juiz Eduardo Nobre \u00e0 frente, com cerca de 400 processos em tramita\u00e7\u00e3o.<\/p>\n<p><a href=\"http:\/\/www.oparanews.com.br\/wp-content\/uploads\/2022\/08\/gilvania-fagundes-creas-semdsh-penedo-foto-deywisson-duarte-696x464-1.jpeg\"><img loading=\"lazy\" decoding=\"async\" class=\"aligncenter size-full wp-image-24851\" src=\"http:\/\/www.oparanews.com.br\/wp-content\/uploads\/2022\/08\/gilvania-fagundes-creas-semdsh-penedo-foto-deywisson-duarte-696x464-1.jpeg\" alt=\"\" width=\"696\" height=\"464\" srcset=\"https:\/\/www.oparanews.com.br\/wp-content\/uploads\/2022\/08\/gilvania-fagundes-creas-semdsh-penedo-foto-deywisson-duarte-696x464-1.jpeg 696w, https:\/\/www.oparanews.com.br\/wp-content\/uploads\/2022\/08\/gilvania-fagundes-creas-semdsh-penedo-foto-deywisson-duarte-696x464-1-300x200.jpeg 300w\" sizes=\"auto, (max-width: 696px) 100vw, 696px\" \/><\/a><\/p>\n<p>Gilv\u00e2nia Fagundes frisa que as mulheres encaminhadas ao CREAS por meio do Tribunal de Justi\u00e7a contam com assist\u00eancia multidisciplinar profissional para apoiar seu processo de recupera\u00e7\u00e3o.<\/p>\n<p>&nbsp;<\/p>\n<p>Nesta ter\u00e7a-feira, 30, haver\u00e1 o encerramento do Agosto Dourado, evento realizado em parceria com a Secretaria Municipal de Sa\u00fade no Theatro Sete de Setembro, a partir das 9 horas.<\/p>\n<p>&nbsp;<\/p>\n<p>Haver\u00e1 entrega de cart\u00f5es dos programas de distribui\u00e7\u00e3o CRIA e Mesa Cheia, inscri\u00e7\u00e3o nestes dois benef\u00edcios e no Programa Crian\u00e7a Feliz, entrega de enxoval para gestantes, palestras e momentos de descontra\u00e7\u00e3o.<\/p>\n<p>&nbsp;<\/p>\n<p>&nbsp;<\/p>\n<p>&nbsp;<\/p>\n<p><strong>por Fernando Vin\u00edcius &#8211; Secom PMP<\/strong><\/p>\n<p>&nbsp;<\/p>\n","protected":false},"excerpt":{"rendered":"<p>Como proceder para denunciar situa\u00e7\u00f5es de viol\u00eancia dom\u00e9stica em Penedo? Onde as v\u00edtimas encontram apoio? Por que esse tipo de viol\u00eancia ainda acontece e o que fazer para dar um basta nas ocorr\u00eancias que t\u00eam \u00edndice preocupante em Penedo? &nbsp; As respostas aos questionamentos foram apresentadas \u00e0s mulheres assistidas nos servi\u00e7os da Secretaria Municipal de &hellip;<\/p>\n","protected":false},"author":2,"featured_media":24852,"comment_status":"open","ping_status":"open","sticky":false,"template":"","format":"standard","meta":{"_jetpack_memberships_contains_paid_content":false,"footnotes":""},"categories":[1,3],"tags":[],"class_list":["post-24849","post","type-post","status-publish","format-standard","has-post-thumbnail","hentry","category-destaque","category-penedo"],"jetpack_featured_media_url":"https:\/\/www.oparanews.com.br\/wp-content\/uploads\/2022\/08\/semdsh-penedo-agosto-lilas-foto-deywisson-duarte-4.jpeg","jetpack_sharing_enabled":true,"_links":{"self":[{"href":"https:\/\/www.oparanews.com.br\/index.php\/wp-json\/wp\/v2\/posts\/24849","targetHints":{"allow":["GET"]}}],"collection":[{"href":"https:\/\/www.oparanews.com.br\/index.php\/wp-json\/wp\/v2\/posts"}],"about":[{"href":"https:\/\/www.oparanews.com.br\/index.php\/wp-json\/wp\/v2\/types\/post"}],"author":[{"embeddable":true,"href":"https:\/\/www.oparanews.com.br\/index.php\/wp-json\/wp\/v2\/users\/2"}],"replies":[{"embeddable":true,"href":"https:\/\/www.oparanews.com.br\/index.php\/wp-json\/wp\/v2\/comments?post=24849"}],"version-history":[{"count":1,"href":"https:\/\/www.oparanews.com.br\/index.php\/wp-json\/wp\/v2\/posts\/24849\/revisions"}],"predecessor-version":[{"id":24855,"href":"https:\/\/www.oparanews.com.br\/index.php\/wp-json\/wp\/v2\/posts\/24849\/revisions\/24855"}],"wp:featuredmedia":[{"embeddable":true,"href":"https:\/\/www.oparanews.com.br\/index.php\/wp-json\/wp\/v2\/media\/24852"}],"wp:attachment":[{"href":"https:\/\/www.oparanews.com.br\/index.php\/wp-json\/wp\/v2\/media?parent=24849"}],"wp:term":[{"taxonomy":"category","embeddable":true,"href":"https:\/\/www.oparanews.com.br\/index.php\/wp-json\/wp\/v2\/categories?post=24849"},{"taxonomy":"post_tag","embeddable":true,"href":"https:\/\/www.oparanews.com.br\/index.php\/wp-json\/wp\/v2\/tags?post=24849"}],"curies":[{"name":"wp","href":"https:\/\/api.w.org\/{rel}","templated":true}]}}