{"id":24859,"date":"2022-08-30T11:19:31","date_gmt":"2022-08-30T14:19:31","guid":{"rendered":"https:\/\/www.oparanews.com.br\/?p=24859"},"modified":"2022-08-30T11:19:31","modified_gmt":"2022-08-30T14:19:31","slug":"caravana-com-influenciadoras-digitais-defende-a-bacia-do-rio-sao-francisco-em-ano-eleitoral","status":"publish","type":"post","link":"https:\/\/www.oparanews.com.br\/index.php\/2022\/08\/30\/caravana-com-influenciadoras-digitais-defende-a-bacia-do-rio-sao-francisco-em-ano-eleitoral\/","title":{"rendered":"Caravana com influenciadoras digitais defende a bacia do rio S\u00e3o Francisco em ano eleitoral"},"content":{"rendered":"<p>Para conhecer de perto as viv\u00eancias, os anseios e debater com a popula\u00e7\u00e3o caminhos para o desenvolvimento econ\u00f4mico sustent\u00e1vel da regi\u00e3o Nordeste neste ano eleitoral, o Plano Nordeste Pot\u00eancia organizou uma caravana para defender a revitaliza\u00e7\u00e3o do rio S\u00e3o Francisco. A expedi\u00e7\u00e3o vai margear o Velho Chico entre os dias 30 de agosto e 8 de setembro e ter\u00e1 como embaixadoras as influenciadoras digitais Luiza Allan (@naocomosoalface) e Megh Melry (@megh_melry), al\u00e9m de cobertura da Ag\u00eancia EcoNordeste.<\/p>\n<p>&nbsp;<\/p>\n<p>Juntas, as influenciadoras nordestinas somam mais de 1,7 milh\u00e3o de seguidores nas redes sociais. Enquanto Megh, que divide a cena com a av\u00f3, valoriza as ra\u00edzes socioculturais do sert\u00e3o, Luiza, tamb\u00e9m chamada de Alfacinha, \u00e9 do litoral e costuma dar dicas de culin\u00e1ria saud\u00e1vel.<\/p>\n<p>&nbsp;<\/p>\n<p>Durante a Caravana Nordeste Pot\u00eancia, as duas v\u00e3o conversar com pessoas que vivem e sentem no dia a dia os problemas da regi\u00e3o. Segundo an\u00e1lise do MapBiomas, metade da superf\u00edcie natural do rio sumiu em apenas 30 anos, e esse \u00e9 apenas um dos desafios que precisam ser superados.<\/p>\n<p>&nbsp;<\/p>\n<p>\u201cOs candidatos e as candidatas aos governos estaduais precisam olhar com muita aten\u00e7\u00e3o para as necessidades do rio S\u00e3o Francisco e de quem depende dele, e vocalizar seus planos para os eleitores\u201d, diz a coordenadora do Plano Nordeste Pot\u00eancia, Cristina Amorim. \u201cRevitalizar a bacia hidrogr\u00e1fica \u00e9 bom para a economia e para a gera\u00e7\u00e3o de renda, e ainda aumenta a resili\u00eancia das comunidades rurais, das cidades e da infraestrutura \u00e0s mudan\u00e7as clim\u00e1ticas. Por isso, recuperar \u00e9 urgente, assim como fazer uma gest\u00e3o integrada que leve em considera\u00e7\u00e3o seus limites e seus v\u00e1rios usos.\u201d<\/p>\n<p>&nbsp;<\/p>\n<p>O rio S\u00e3o Francisco tem sido palco da explora\u00e7\u00e3o de suas \u00e1guas para fins diversos h\u00e1 s\u00e9culos. Hoje acumula oito hidrel\u00e9tricas e um extenso passivo ambiental: h\u00e1 pelo menos 3,3 milh\u00f5es de hectares a ser recuperado com vegeta\u00e7\u00e3o nativa na bacia hidrogr\u00e1fica.<\/p>\n<p>&nbsp;<\/p>\n<p><strong>Vozes locais<\/strong><\/p>\n<p>&nbsp;<\/p>\n<p>A caravana vai passar por tr\u00eas dos cinco estados atravessados pelo rio S\u00e3o Francisco. O grupo parte de Penedo, em Alagoas, na ter\u00e7a (30), e acompanhar\u00e1 o Velho Chico at\u00e9 Sobradinho, na Bahia. No roteiro, est\u00e3o previstas passagens pelos C\u00e2nions do Xing\u00f3, em Piranhas (AL), uma visita a Tacaratu (PE) para gravar o Museu Solar e uma parada em Petrolina (PE) para conhecer o Projeto Escola Verde, entre outras atividades.<\/p>\n<p>&nbsp;<\/p>\n<p>No percurso rio adentro, a caravana vai captar hist\u00f3rias, viv\u00eancias e se aprofundar nas realidades locais. A ideia \u00e9 espalhar a mensagem do Plano Nordeste Pot\u00eancia e estimular que um modelo de energia renov\u00e1vel justo e inclusivo seja pauta da discuss\u00e3o pol\u00edtica.<\/p>\n<p>&nbsp;<\/p>\n<p>Com 24 p\u00e1ginas, o plano \u00e9 resultado de uma coaliz\u00e3o de quatro organiza\u00e7\u00f5es civis brasileiras: Centro Brasil no Clima (CBC), Fundo Casa Socioambiental, Grupo Ambientalista da Bahia (Gamb\u00e1) e Instituto ClimaInfo, com apoio do Instituto Clima e Sociedade (iCS). Ele foi lan\u00e7ado em julho e, na ocasi\u00e3o, entregue ao presidente do Cons\u00f3rcio Nordeste, o governador de Pernambuco, Paulo C\u00e2mara.<\/p>\n<p>&nbsp;<\/p>\n<p>Segundo o Plano Nordeste Pot\u00eancia, dois milh\u00f5es de empregos podem ser criados com o avan\u00e7o da gera\u00e7\u00e3o de energia solar e e\u00f3lica na regi\u00e3o. O plantio para a recomposi\u00e7\u00e3o vegetal \u00e9 ainda outra fonte potencial de gera\u00e7\u00e3o de empregos adicionais.<\/p>\n<p>&nbsp;<\/p>\n<p>&nbsp;<\/p>\n<p>&nbsp;<\/p>\n<p><strong>Fonte: Assessoria<\/strong><\/p>\n<p>&nbsp;<\/p>\n","protected":false},"excerpt":{"rendered":"<p>Para conhecer de perto as viv\u00eancias, os anseios e debater com a popula\u00e7\u00e3o caminhos para o desenvolvimento econ\u00f4mico sustent\u00e1vel da regi\u00e3o Nordeste neste ano eleitoral, o Plano Nordeste Pot\u00eancia organizou uma caravana para defender a revitaliza\u00e7\u00e3o do rio S\u00e3o Francisco. A expedi\u00e7\u00e3o vai margear o Velho Chico entre os dias 30 de agosto e 8 &hellip;<\/p>\n","protected":false},"author":2,"featured_media":24860,"comment_status":"open","ping_status":"open","sticky":false,"template":"","format":"standard","meta":{"_jetpack_memberships_contains_paid_content":false,"footnotes":""},"categories":[1,3],"tags":[],"class_list":["post-24859","post","type-post","status-publish","format-standard","has-post-thumbnail","hentry","category-destaque","category-penedo"],"jetpack_featured_media_url":"https:\/\/www.oparanews.com.br\/wp-content\/uploads\/2022\/08\/jj-23.jpg","jetpack_sharing_enabled":true,"_links":{"self":[{"href":"https:\/\/www.oparanews.com.br\/index.php\/wp-json\/wp\/v2\/posts\/24859","targetHints":{"allow":["GET"]}}],"collection":[{"href":"https:\/\/www.oparanews.com.br\/index.php\/wp-json\/wp\/v2\/posts"}],"about":[{"href":"https:\/\/www.oparanews.com.br\/index.php\/wp-json\/wp\/v2\/types\/post"}],"author":[{"embeddable":true,"href":"https:\/\/www.oparanews.com.br\/index.php\/wp-json\/wp\/v2\/users\/2"}],"replies":[{"embeddable":true,"href":"https:\/\/www.oparanews.com.br\/index.php\/wp-json\/wp\/v2\/comments?post=24859"}],"version-history":[{"count":1,"href":"https:\/\/www.oparanews.com.br\/index.php\/wp-json\/wp\/v2\/posts\/24859\/revisions"}],"predecessor-version":[{"id":24861,"href":"https:\/\/www.oparanews.com.br\/index.php\/wp-json\/wp\/v2\/posts\/24859\/revisions\/24861"}],"wp:featuredmedia":[{"embeddable":true,"href":"https:\/\/www.oparanews.com.br\/index.php\/wp-json\/wp\/v2\/media\/24860"}],"wp:attachment":[{"href":"https:\/\/www.oparanews.com.br\/index.php\/wp-json\/wp\/v2\/media?parent=24859"}],"wp:term":[{"taxonomy":"category","embeddable":true,"href":"https:\/\/www.oparanews.com.br\/index.php\/wp-json\/wp\/v2\/categories?post=24859"},{"taxonomy":"post_tag","embeddable":true,"href":"https:\/\/www.oparanews.com.br\/index.php\/wp-json\/wp\/v2\/tags?post=24859"}],"curies":[{"name":"wp","href":"https:\/\/api.w.org\/{rel}","templated":true}]}}