{"id":24877,"date":"2022-08-31T19:34:23","date_gmt":"2022-08-31T22:34:23","guid":{"rendered":"https:\/\/www.oparanews.com.br\/?p=24877"},"modified":"2022-08-31T19:34:23","modified_gmt":"2022-08-31T22:34:23","slug":"semed-penedo-lanca-a-quarta-edicao-do-concurso-de-producao-de-textos","status":"publish","type":"post","link":"https:\/\/www.oparanews.com.br\/index.php\/2022\/08\/31\/semed-penedo-lanca-a-quarta-edicao-do-concurso-de-producao-de-textos\/","title":{"rendered":"Semed Penedo lan\u00e7a a quarta edi\u00e7\u00e3o do Concurso de Produ\u00e7\u00e3o de Textos"},"content":{"rendered":"<p>A Secretaria Municipal de Educa\u00e7\u00e3o (Semed) lan\u00e7ou nesta quarta-feira, 31, o IV Concurso de Produ\u00e7\u00e3o de Textos para estudantes do Ensino Fundamental.<\/p>\n<p>&nbsp;<\/p>\n<p>O trabalho da pasta da Prefeitura de Penedo reuniu coordenadores e professores de L\u00edngua Portuguesa das turmas do 4\u00ba, 5\u00ba, 8\u00ba e 9\u00ba anos na Escola Irm\u00e3 Jolenta.<\/p>\n<p>&nbsp;<\/p>\n<p>Estudantes dos primeiros anos do Ensino Fundamental ir\u00e3o produzir poesias, enquanto que os das s\u00e9ries finais ser\u00e3o orientados a escrever contos.<\/p>\n<p>&nbsp;<\/p>\n<p>Segundo Luciano Barros Lucena, Secret\u00e1rio Municipal de Educa\u00e7\u00e3o, \u201co projeto \u00e9 um importante momento no processo de incentivo \u00e0 aprendizagem dos nossos alunos e alunas\u201d.<\/p>\n<p>&nbsp;<\/p>\n<p>\u201cO Concurso de Produ\u00e7\u00e3o de Textos possibilita ao estudante se expressar com mais facilidade, deixando de ser apenas um simples leitor para atuar tamb\u00e9m como autor de sua hist\u00f3ria\u201d, acrescenta o gestor da Semed.<\/p>\n<p>&nbsp;<\/p>\n<p>Transportar viv\u00eancias pessoais para os g\u00eaneros liter\u00e1rios j\u00e1 fez parte do lan\u00e7amento do concurso. Estudantes da Escola Wilton Lucena interpretaram um cordel e uma estudante da EMEB Costa Mangabeira recitou o poema \u2018Minha Escola \u00e9 a Mais Legal\u2019.<\/p>\n<p>&nbsp;<\/p>\n<p>J\u00e1 as alunas da Escola Manoel Soares apresentaram contos do concurso cujo edital pode ser conferido clicando neste link.<\/p>\n<p>&nbsp;<\/p>\n<p>&nbsp;<\/p>\n<p>&nbsp;<\/p>\n<p><strong>por Fernando Vin\u00edcius &#8211; Secom PMP<\/strong><\/p>\n<p>&nbsp;<\/p>\n","protected":false},"excerpt":{"rendered":"<p>A Secretaria Municipal de Educa\u00e7\u00e3o (Semed) lan\u00e7ou nesta quarta-feira, 31, o IV Concurso de Produ\u00e7\u00e3o de Textos para estudantes do Ensino Fundamental. &nbsp; O trabalho da pasta da Prefeitura de Penedo reuniu coordenadores e professores de L\u00edngua Portuguesa das turmas do 4\u00ba, 5\u00ba, 8\u00ba e 9\u00ba anos na Escola Irm\u00e3 Jolenta. &nbsp; Estudantes dos primeiros &hellip;<\/p>\n","protected":false},"author":2,"featured_media":24878,"comment_status":"open","ping_status":"open","sticky":false,"template":"","format":"standard","meta":{"_jetpack_memberships_contains_paid_content":false,"footnotes":""},"categories":[1,3],"tags":[],"class_list":["post-24877","post","type-post","status-publish","format-standard","has-post-thumbnail","hentry","category-destaque","category-penedo"],"jetpack_featured_media_url":"https:\/\/www.oparanews.com.br\/wp-content\/uploads\/2022\/08\/Sem-titulo-3.jpg","jetpack_sharing_enabled":true,"_links":{"self":[{"href":"https:\/\/www.oparanews.com.br\/index.php\/wp-json\/wp\/v2\/posts\/24877","targetHints":{"allow":["GET"]}}],"collection":[{"href":"https:\/\/www.oparanews.com.br\/index.php\/wp-json\/wp\/v2\/posts"}],"about":[{"href":"https:\/\/www.oparanews.com.br\/index.php\/wp-json\/wp\/v2\/types\/post"}],"author":[{"embeddable":true,"href":"https:\/\/www.oparanews.com.br\/index.php\/wp-json\/wp\/v2\/users\/2"}],"replies":[{"embeddable":true,"href":"https:\/\/www.oparanews.com.br\/index.php\/wp-json\/wp\/v2\/comments?post=24877"}],"version-history":[{"count":1,"href":"https:\/\/www.oparanews.com.br\/index.php\/wp-json\/wp\/v2\/posts\/24877\/revisions"}],"predecessor-version":[{"id":24879,"href":"https:\/\/www.oparanews.com.br\/index.php\/wp-json\/wp\/v2\/posts\/24877\/revisions\/24879"}],"wp:featuredmedia":[{"embeddable":true,"href":"https:\/\/www.oparanews.com.br\/index.php\/wp-json\/wp\/v2\/media\/24878"}],"wp:attachment":[{"href":"https:\/\/www.oparanews.com.br\/index.php\/wp-json\/wp\/v2\/media?parent=24877"}],"wp:term":[{"taxonomy":"category","embeddable":true,"href":"https:\/\/www.oparanews.com.br\/index.php\/wp-json\/wp\/v2\/categories?post=24877"},{"taxonomy":"post_tag","embeddable":true,"href":"https:\/\/www.oparanews.com.br\/index.php\/wp-json\/wp\/v2\/tags?post=24877"}],"curies":[{"name":"wp","href":"https:\/\/api.w.org\/{rel}","templated":true}]}}