{"id":24884,"date":"2022-09-01T10:16:04","date_gmt":"2022-09-01T13:16:04","guid":{"rendered":"https:\/\/www.oparanews.com.br\/?p=24884"},"modified":"2022-09-01T10:16:04","modified_gmt":"2022-09-01T13:16:04","slug":"solenidades-civicas-abrem-semana-da-patria-em-penedo","status":"publish","type":"post","link":"https:\/\/www.oparanews.com.br\/index.php\/2022\/09\/01\/solenidades-civicas-abrem-semana-da-patria-em-penedo\/","title":{"rendered":"Solenidades c\u00edvicas abrem Semana da P\u00e1tria em Penedo"},"content":{"rendered":"<p>O Brasil est\u00e1 comemorando 200 anos de independ\u00eancia de Portugal, pa\u00eds que encontrou em Penedo um local estrat\u00e9gico para proteger e ampliar sua presen\u00e7a.<\/p>\n<p>&nbsp;<\/p>\n<p>No cen\u00e1rio que retrata o per\u00edodo colonial, a Prefeitura de Penedo iniciou nesta quinta-feira, 01, a programa\u00e7\u00e3o da Semana da P\u00e1tria com o roteiro que enaltece s\u00edmbolos do processo de separa\u00e7\u00e3o, hino e pavilh\u00e3o nacional.<\/p>\n<p><a href=\"http:\/\/www.oparanews.com.br\/wp-content\/uploads\/2022\/09\/semana-patria-penedo-foto-deywisson-duarte-4-1068x712-1.jpeg\"><img loading=\"lazy\" decoding=\"async\" class=\"aligncenter size-full wp-image-24886\" src=\"http:\/\/www.oparanews.com.br\/wp-content\/uploads\/2022\/09\/semana-patria-penedo-foto-deywisson-duarte-4-1068x712-1.jpeg\" alt=\"\" width=\"1068\" height=\"712\" srcset=\"https:\/\/www.oparanews.com.br\/wp-content\/uploads\/2022\/09\/semana-patria-penedo-foto-deywisson-duarte-4-1068x712-1.jpeg 1068w, https:\/\/www.oparanews.com.br\/wp-content\/uploads\/2022\/09\/semana-patria-penedo-foto-deywisson-duarte-4-1068x712-1-300x200.jpeg 300w, https:\/\/www.oparanews.com.br\/wp-content\/uploads\/2022\/09\/semana-patria-penedo-foto-deywisson-duarte-4-1068x712-1-1024x683.jpeg 1024w, https:\/\/www.oparanews.com.br\/wp-content\/uploads\/2022\/09\/semana-patria-penedo-foto-deywisson-duarte-4-1068x712-1-768x512.jpeg 768w\" sizes=\"auto, (max-width: 1068px) 100vw, 1068px\" \/><\/a><\/p>\n<p>Com a presen\u00e7a de populares e estudantes de escolas p\u00fablicas e privadas, o Prefeito Ronaldo Lopes abriu a solenidade realizada com a participa\u00e7\u00e3o da Marinha, Ex\u00e9rcito, Corpo de Bombeiros e Pol\u00edcia Militar.<\/p>\n<p>&nbsp;<\/p>\n<p>Ap\u00f3s os discursos, policiais do 11\u00ba BPM fizeram duas simula\u00e7\u00f5es de abordagem a suspeito, uma delas sobre condutor de motocicleta e a outra em um pedestre.<\/p>\n<p><a href=\"http:\/\/www.oparanews.com.br\/wp-content\/uploads\/2022\/09\/semana-patria-penedo-foto-fagner-honorato-11-1068x801-1.jpeg\"><img loading=\"lazy\" decoding=\"async\" class=\"aligncenter size-full wp-image-24885\" src=\"http:\/\/www.oparanews.com.br\/wp-content\/uploads\/2022\/09\/semana-patria-penedo-foto-fagner-honorato-11-1068x801-1.jpeg\" alt=\"\" width=\"1068\" height=\"801\" srcset=\"https:\/\/www.oparanews.com.br\/wp-content\/uploads\/2022\/09\/semana-patria-penedo-foto-fagner-honorato-11-1068x801-1.jpeg 1068w, https:\/\/www.oparanews.com.br\/wp-content\/uploads\/2022\/09\/semana-patria-penedo-foto-fagner-honorato-11-1068x801-1-300x225.jpeg 300w, https:\/\/www.oparanews.com.br\/wp-content\/uploads\/2022\/09\/semana-patria-penedo-foto-fagner-honorato-11-1068x801-1-1024x768.jpeg 1024w, https:\/\/www.oparanews.com.br\/wp-content\/uploads\/2022\/09\/semana-patria-penedo-foto-fagner-honorato-11-1068x801-1-768x576.jpeg 768w\" sizes=\"auto, (max-width: 1068px) 100vw, 1068px\" \/><\/a><\/p>\n<p>A banda da Sociedade Musical Penedense executou os hinos alusivos \u00e0 Semana da P\u00e1tria programada para acontecer at\u00e9 o pr\u00f3ximo dia 06, exceto no final de semana.<\/p>\n<p>&nbsp;<\/p>\n<p>As cerim\u00f4nias acontecem no Pa\u00e7o Municipal, entre a sede da Prefeitura de Penedo e a Pra\u00e7a Bar\u00e3o de Penedo, sempre a partir das 7h30.<\/p>\n<p>&nbsp;<\/p>\n<p>&nbsp;<\/p>\n<p><strong>Fonte: Secom PMP<\/strong><\/p>\n<p>&nbsp;<\/p>\n","protected":false},"excerpt":{"rendered":"<p>O Brasil est\u00e1 comemorando 200 anos de independ\u00eancia de Portugal, pa\u00eds que encontrou em Penedo um local estrat\u00e9gico para proteger e ampliar sua presen\u00e7a. &nbsp; No cen\u00e1rio que retrata o per\u00edodo colonial, a Prefeitura de Penedo iniciou nesta quinta-feira, 01, a programa\u00e7\u00e3o da Semana da P\u00e1tria com o roteiro que enaltece s\u00edmbolos do processo de &hellip;<\/p>\n","protected":false},"author":2,"featured_media":24887,"comment_status":"open","ping_status":"open","sticky":false,"template":"","format":"standard","meta":{"_jetpack_memberships_contains_paid_content":false,"footnotes":""},"categories":[1,3],"tags":[],"class_list":["post-24884","post","type-post","status-publish","format-standard","has-post-thumbnail","hentry","category-destaque","category-penedo"],"jetpack_featured_media_url":"https:\/\/www.oparanews.com.br\/wp-content\/uploads\/2022\/09\/semana-patria-penedo-foto-fagner-honorato.jpeg","jetpack_sharing_enabled":true,"_links":{"self":[{"href":"https:\/\/www.oparanews.com.br\/index.php\/wp-json\/wp\/v2\/posts\/24884","targetHints":{"allow":["GET"]}}],"collection":[{"href":"https:\/\/www.oparanews.com.br\/index.php\/wp-json\/wp\/v2\/posts"}],"about":[{"href":"https:\/\/www.oparanews.com.br\/index.php\/wp-json\/wp\/v2\/types\/post"}],"author":[{"embeddable":true,"href":"https:\/\/www.oparanews.com.br\/index.php\/wp-json\/wp\/v2\/users\/2"}],"replies":[{"embeddable":true,"href":"https:\/\/www.oparanews.com.br\/index.php\/wp-json\/wp\/v2\/comments?post=24884"}],"version-history":[{"count":1,"href":"https:\/\/www.oparanews.com.br\/index.php\/wp-json\/wp\/v2\/posts\/24884\/revisions"}],"predecessor-version":[{"id":24888,"href":"https:\/\/www.oparanews.com.br\/index.php\/wp-json\/wp\/v2\/posts\/24884\/revisions\/24888"}],"wp:featuredmedia":[{"embeddable":true,"href":"https:\/\/www.oparanews.com.br\/index.php\/wp-json\/wp\/v2\/media\/24887"}],"wp:attachment":[{"href":"https:\/\/www.oparanews.com.br\/index.php\/wp-json\/wp\/v2\/media?parent=24884"}],"wp:term":[{"taxonomy":"category","embeddable":true,"href":"https:\/\/www.oparanews.com.br\/index.php\/wp-json\/wp\/v2\/categories?post=24884"},{"taxonomy":"post_tag","embeddable":true,"href":"https:\/\/www.oparanews.com.br\/index.php\/wp-json\/wp\/v2\/tags?post=24884"}],"curies":[{"name":"wp","href":"https:\/\/api.w.org\/{rel}","templated":true}]}}