{"id":24902,"date":"2022-09-02T21:34:57","date_gmt":"2022-09-03T00:34:57","guid":{"rendered":"https:\/\/www.oparanews.com.br\/?p=24902"},"modified":"2022-09-02T21:34:57","modified_gmt":"2022-09-03T00:34:57","slug":"smtt-penedo-divulga-calendario-para-afericao-de-taximetro","status":"publish","type":"post","link":"https:\/\/www.oparanews.com.br\/index.php\/2022\/09\/02\/smtt-penedo-divulga-calendario-para-afericao-de-taximetro\/","title":{"rendered":"SMTT Penedo divulga calend\u00e1rio para aferi\u00e7\u00e3o de tax\u00edmetro"},"content":{"rendered":"<p>A Superintend\u00eancia Municipal de Transporte e Tr\u00e2nsito (SMTT) informa que nos pr\u00f3ximos dias 22 e 29 de setembro haver\u00e1 aferi\u00e7\u00e3o do tax\u00edmetro dos ve\u00edculos utilizados pela categoria.<\/p>\n<p>&nbsp;<\/p>\n<p>Antes das datas acima mencionadas, os permission\u00e1rios do servi\u00e7o de transporte de passageiros devem se dirigir at\u00e9 a sede da SMTT Penedo para retirar a certid\u00e3o de regularidade, documento dispon\u00edvel desde o 1\u00ba dia de setembro.<\/p>\n<p>&nbsp;<\/p>\n<p>O taxista precisa apresentar a cert\u00e3o municipal na ag\u00eancia do Instituto de Metrologia e Qualidade de Alagoas (INMEQ\/AL), em Arapiraca, localizado no endere\u00e7o Rua Governador Silvestre P\u00e9ricles, n\u00ba1065, bairro Jardim Tropical.<\/p>\n<p>&nbsp;<\/p>\n<p>Com as autoriza\u00e7\u00f5es emitidas pelo INMEQ e o devido pagamento da GRU, o taxista de Penedo estar\u00e1 habilitado para a verifica\u00e7\u00e3o metrol\u00f3gica do tax\u00edmetro, na data informada durante o procedimento burocr\u00e1tico.<\/p>\n<p>&nbsp;<\/p>\n<p>A SMTT Informa ainda que o aferimento ocorrer\u00e1 nos dias 22 e 29, na pista de pouso do aeroporto Freitas Melro, onde o taxista precisar\u00e1 comprovar a quita\u00e7\u00e3o da taxa gerada.<\/p>\n<p>&nbsp;<\/p>\n<p>&nbsp;<\/p>\n<p><strong>por Fernando Vin\u00edcius &#8211; Secom PMP<\/strong><\/p>\n<p>&nbsp;<\/p>\n","protected":false},"excerpt":{"rendered":"<p>A Superintend\u00eancia Municipal de Transporte e Tr\u00e2nsito (SMTT) informa que nos pr\u00f3ximos dias 22 e 29 de setembro haver\u00e1 aferi\u00e7\u00e3o do tax\u00edmetro dos ve\u00edculos utilizados pela categoria. &nbsp; Antes das datas acima mencionadas, os permission\u00e1rios do servi\u00e7o de transporte de passageiros devem se dirigir at\u00e9 a sede da SMTT Penedo para retirar a certid\u00e3o de &hellip;<\/p>\n","protected":false},"author":2,"featured_media":24903,"comment_status":"open","ping_status":"open","sticky":false,"template":"","format":"standard","meta":{"_jetpack_memberships_contains_paid_content":false,"footnotes":""},"categories":[1,3],"tags":[],"class_list":["post-24902","post","type-post","status-publish","format-standard","has-post-thumbnail","hentry","category-destaque","category-penedo"],"jetpack_featured_media_url":"https:\/\/www.oparanews.com.br\/wp-content\/uploads\/2022\/09\/smtt-penedo-taximetro-3.jpeg","jetpack_sharing_enabled":true,"_links":{"self":[{"href":"https:\/\/www.oparanews.com.br\/index.php\/wp-json\/wp\/v2\/posts\/24902","targetHints":{"allow":["GET"]}}],"collection":[{"href":"https:\/\/www.oparanews.com.br\/index.php\/wp-json\/wp\/v2\/posts"}],"about":[{"href":"https:\/\/www.oparanews.com.br\/index.php\/wp-json\/wp\/v2\/types\/post"}],"author":[{"embeddable":true,"href":"https:\/\/www.oparanews.com.br\/index.php\/wp-json\/wp\/v2\/users\/2"}],"replies":[{"embeddable":true,"href":"https:\/\/www.oparanews.com.br\/index.php\/wp-json\/wp\/v2\/comments?post=24902"}],"version-history":[{"count":1,"href":"https:\/\/www.oparanews.com.br\/index.php\/wp-json\/wp\/v2\/posts\/24902\/revisions"}],"predecessor-version":[{"id":24904,"href":"https:\/\/www.oparanews.com.br\/index.php\/wp-json\/wp\/v2\/posts\/24902\/revisions\/24904"}],"wp:featuredmedia":[{"embeddable":true,"href":"https:\/\/www.oparanews.com.br\/index.php\/wp-json\/wp\/v2\/media\/24903"}],"wp:attachment":[{"href":"https:\/\/www.oparanews.com.br\/index.php\/wp-json\/wp\/v2\/media?parent=24902"}],"wp:term":[{"taxonomy":"category","embeddable":true,"href":"https:\/\/www.oparanews.com.br\/index.php\/wp-json\/wp\/v2\/categories?post=24902"},{"taxonomy":"post_tag","embeddable":true,"href":"https:\/\/www.oparanews.com.br\/index.php\/wp-json\/wp\/v2\/tags?post=24902"}],"curies":[{"name":"wp","href":"https:\/\/api.w.org\/{rel}","templated":true}]}}