{"id":24905,"date":"2022-09-02T21:45:20","date_gmt":"2022-09-03T00:45:20","guid":{"rendered":"https:\/\/www.oparanews.com.br\/?p=24905"},"modified":"2022-09-02T21:45:20","modified_gmt":"2022-09-03T00:45:20","slug":"ifal-abre-concurso-publico-para-tecnicos-administrativos-com-salario-de-r-41-mil","status":"publish","type":"post","link":"https:\/\/www.oparanews.com.br\/index.php\/2022\/09\/02\/ifal-abre-concurso-publico-para-tecnicos-administrativos-com-salario-de-r-41-mil\/","title":{"rendered":"Ifal abre concurso p\u00fablico para t\u00e9cnicos administrativos com sal\u00e1rio de R$ 4,1 mil"},"content":{"rendered":"<p>O Instituto Federal de Alagoas (Ifal) vai abrir concurso p\u00fablico para cargo de t\u00e9cnico-administrativo. Ao todo, s\u00e3o 14 vagas, e o sal\u00e1rio inicial \u00e9 de R$ 4.180,66. O edital foi publicado no Di\u00e1rio Oficial da Uni\u00e3o (DOU) desta quinta-feira (1\u00ba).<\/p>\n<p>&nbsp;<\/p>\n<p>As inscri\u00e7\u00f5es abrem no dia 8 de setembro e podem ser feitas por meio da p\u00e1gina da Copeve. A taxa de inscri\u00e7\u00e3o varia de R$ 110,00, para quem possui n\u00edvel m\u00e9dio, a R$ 150,00, para quem possui n\u00edvel superior.<\/p>\n<p>&nbsp;<\/p>\n<p><strong>S\u00e3o ofertadas 14 vagas:<\/strong><\/p>\n<p>&nbsp;<\/p>\n<ul>\n<li>assistente em administra\u00e7\u00e3o &#8211; 9 vagas, sendo 1 para pessoas com defici\u00eancia (PcD) e 2 para pessoas negras<\/li>\n<li>t\u00e9cnico em agropecu\u00e1ria &#8211; 2 vagas<\/li>\n<li>contador &#8211; 1 vaga<\/li>\n<li>engenheiro civil &#8211; 1 vaga<\/li>\n<li>engenheiro eletricista &#8211; 1 vaga<\/li>\n<\/ul>\n<p>&nbsp;<\/p>\n<p>A aplica\u00e7\u00e3o das provas objetivas est\u00e1 prevista para janeiro de 2023 e o resultado final deve ser publicado em mar\u00e7o. <a href=\"https:\/\/www2.ifal.edu.br\/noticias\/ifal-publica-novo-concurso-publico-para-tecnicos-administrativos\/edital-concurso-de-tae-ifal.pdf\"><strong>Clique aqui<\/strong><\/a> e confira o edital.<\/p>\n<p>&nbsp;<\/p>\n<p>&nbsp;<\/p>\n<p>&nbsp;<\/p>\n<p><strong>Fonte: G1\/AL<\/strong><\/p>\n<p>&nbsp;<\/p>\n","protected":false},"excerpt":{"rendered":"<p>O Instituto Federal de Alagoas (Ifal) vai abrir concurso p\u00fablico para cargo de t\u00e9cnico-administrativo. Ao todo, s\u00e3o 14 vagas, e o sal\u00e1rio inicial \u00e9 de R$ 4.180,66. O edital foi publicado no Di\u00e1rio Oficial da Uni\u00e3o (DOU) desta quinta-feira (1\u00ba). &nbsp; As inscri\u00e7\u00f5es abrem no dia 8 de setembro e podem ser feitas por meio &hellip;<\/p>\n","protected":false},"author":2,"featured_media":24906,"comment_status":"open","ping_status":"open","sticky":false,"template":"","format":"standard","meta":{"_jetpack_memberships_contains_paid_content":false,"footnotes":""},"categories":[4],"tags":[],"class_list":["post-24905","post","type-post","status-publish","format-standard","has-post-thumbnail","hentry","category-alagoas"],"jetpack_featured_media_url":"https:\/\/www.oparanews.com.br\/wp-content\/uploads\/2022\/09\/210618-ifal-marechal-28-.webp","jetpack_sharing_enabled":true,"_links":{"self":[{"href":"https:\/\/www.oparanews.com.br\/index.php\/wp-json\/wp\/v2\/posts\/24905","targetHints":{"allow":["GET"]}}],"collection":[{"href":"https:\/\/www.oparanews.com.br\/index.php\/wp-json\/wp\/v2\/posts"}],"about":[{"href":"https:\/\/www.oparanews.com.br\/index.php\/wp-json\/wp\/v2\/types\/post"}],"author":[{"embeddable":true,"href":"https:\/\/www.oparanews.com.br\/index.php\/wp-json\/wp\/v2\/users\/2"}],"replies":[{"embeddable":true,"href":"https:\/\/www.oparanews.com.br\/index.php\/wp-json\/wp\/v2\/comments?post=24905"}],"version-history":[{"count":1,"href":"https:\/\/www.oparanews.com.br\/index.php\/wp-json\/wp\/v2\/posts\/24905\/revisions"}],"predecessor-version":[{"id":24907,"href":"https:\/\/www.oparanews.com.br\/index.php\/wp-json\/wp\/v2\/posts\/24905\/revisions\/24907"}],"wp:featuredmedia":[{"embeddable":true,"href":"https:\/\/www.oparanews.com.br\/index.php\/wp-json\/wp\/v2\/media\/24906"}],"wp:attachment":[{"href":"https:\/\/www.oparanews.com.br\/index.php\/wp-json\/wp\/v2\/media?parent=24905"}],"wp:term":[{"taxonomy":"category","embeddable":true,"href":"https:\/\/www.oparanews.com.br\/index.php\/wp-json\/wp\/v2\/categories?post=24905"},{"taxonomy":"post_tag","embeddable":true,"href":"https:\/\/www.oparanews.com.br\/index.php\/wp-json\/wp\/v2\/tags?post=24905"}],"curies":[{"name":"wp","href":"https:\/\/api.w.org\/{rel}","templated":true}]}}