{"id":24911,"date":"2022-09-02T22:02:23","date_gmt":"2022-09-03T01:02:23","guid":{"rendered":"https:\/\/www.oparanews.com.br\/?p=24911"},"modified":"2022-09-02T22:02:23","modified_gmt":"2022-09-03T01:02:23","slug":"vereador-rodrigo-regueira-requereu-calcamento-da-rua-primavera-no-bairro-santa-izabel","status":"publish","type":"post","link":"https:\/\/www.oparanews.com.br\/index.php\/2022\/09\/02\/vereador-rodrigo-regueira-requereu-calcamento-da-rua-primavera-no-bairro-santa-izabel\/","title":{"rendered":"Vereador Rodrigo Regueira requereu cal\u00e7amento da Rua Primavera no Bairro Santa Izabel"},"content":{"rendered":"<p>O vereador penedense Rodrigo Regueira apresentou nesta quinta-feira, 1\u00ba de setembro, dois requerimentos na Sess\u00e3o Ordin\u00e1ria na C\u00e2mara de Vereadores de Penedo.<\/p>\n<p>&nbsp;<\/p>\n<p>O primeiro requerimento foi solicitando do \u00f3rg\u00e3o competente provid\u00eancias no sentido de realizar o cal\u00e7amento da Rua Primavera, localizada no Bairro Santa Izabel, para melhorar a qualidade de vida de seus moradores, visto que \u00e9 uma localidade totalmente coberta de lama.<\/p>\n<p>&nbsp;<\/p>\n<p>O segundo requerimento solicitou dos \u00f3rg\u00e3os competentes provid\u00eancias no sentido de realizar uma revis\u00e3o geral nos povoados: Campo Grande, Espig\u00e3o, Santa Margarida, Conrado 1\/2, Prosperidade, Ch\u00e3 da Lagoa, Imbira 1\/2\/3 e Palmeira Alta, j\u00e1 que durante o longo per\u00edodo de chuvas intensas, houve danos consider\u00e1veis na fia\u00e7\u00e3o e l\u00e2mpadas.<\/p>\n<p>&nbsp;<\/p>\n<p>&nbsp;<\/p>\n<p><strong>por Assessoria<\/strong><\/p>\n<p>&nbsp;<\/p>\n","protected":false},"excerpt":{"rendered":"<p>O vereador penedense Rodrigo Regueira apresentou nesta quinta-feira, 1\u00ba de setembro, dois requerimentos na Sess\u00e3o Ordin\u00e1ria na C\u00e2mara de Vereadores de Penedo. &nbsp; O primeiro requerimento foi solicitando do \u00f3rg\u00e3o competente provid\u00eancias no sentido de realizar o cal\u00e7amento da Rua Primavera, localizada no Bairro Santa Izabel, para melhorar a qualidade de vida de seus moradores, &hellip;<\/p>\n","protected":false},"author":2,"featured_media":24912,"comment_status":"open","ping_status":"open","sticky":false,"template":"","format":"standard","meta":{"_jetpack_memberships_contains_paid_content":false,"footnotes":""},"categories":[4,3],"tags":[],"class_list":["post-24911","post","type-post","status-publish","format-standard","has-post-thumbnail","hentry","category-alagoas","category-penedo"],"jetpack_featured_media_url":"https:\/\/www.oparanews.com.br\/wp-content\/uploads\/2022\/09\/Sem-titulo-1.png","jetpack_sharing_enabled":true,"_links":{"self":[{"href":"https:\/\/www.oparanews.com.br\/index.php\/wp-json\/wp\/v2\/posts\/24911","targetHints":{"allow":["GET"]}}],"collection":[{"href":"https:\/\/www.oparanews.com.br\/index.php\/wp-json\/wp\/v2\/posts"}],"about":[{"href":"https:\/\/www.oparanews.com.br\/index.php\/wp-json\/wp\/v2\/types\/post"}],"author":[{"embeddable":true,"href":"https:\/\/www.oparanews.com.br\/index.php\/wp-json\/wp\/v2\/users\/2"}],"replies":[{"embeddable":true,"href":"https:\/\/www.oparanews.com.br\/index.php\/wp-json\/wp\/v2\/comments?post=24911"}],"version-history":[{"count":1,"href":"https:\/\/www.oparanews.com.br\/index.php\/wp-json\/wp\/v2\/posts\/24911\/revisions"}],"predecessor-version":[{"id":24913,"href":"https:\/\/www.oparanews.com.br\/index.php\/wp-json\/wp\/v2\/posts\/24911\/revisions\/24913"}],"wp:featuredmedia":[{"embeddable":true,"href":"https:\/\/www.oparanews.com.br\/index.php\/wp-json\/wp\/v2\/media\/24912"}],"wp:attachment":[{"href":"https:\/\/www.oparanews.com.br\/index.php\/wp-json\/wp\/v2\/media?parent=24911"}],"wp:term":[{"taxonomy":"category","embeddable":true,"href":"https:\/\/www.oparanews.com.br\/index.php\/wp-json\/wp\/v2\/categories?post=24911"},{"taxonomy":"post_tag","embeddable":true,"href":"https:\/\/www.oparanews.com.br\/index.php\/wp-json\/wp\/v2\/tags?post=24911"}],"curies":[{"name":"wp","href":"https:\/\/api.w.org\/{rel}","templated":true}]}}