{"id":24934,"date":"2022-09-05T21:15:03","date_gmt":"2022-09-06T00:15:03","guid":{"rendered":"https:\/\/www.oparanews.com.br\/?p=24934"},"modified":"2022-09-05T21:15:03","modified_gmt":"2022-09-06T00:15:03","slug":"centro-de-diagnostico-de-penedo-volta-a-realizar-exame-de-radiografia","status":"publish","type":"post","link":"https:\/\/www.oparanews.com.br\/index.php\/2022\/09\/05\/centro-de-diagnostico-de-penedo-volta-a-realizar-exame-de-radiografia\/","title":{"rendered":"Centro de Diagn\u00f3stico de Penedo volta a realizar exame de radiografia"},"content":{"rendered":"<p>O Centro de Diagn\u00f3stico Almir Nogueira Lopes est\u00e1 com todos os servi\u00e7os funcionamento normalmente para a popula\u00e7\u00e3o de Penedo e regi\u00e3o.<\/p>\n<p>&nbsp;<\/p>\n<p>Al\u00e9m da retomada dos exames de tomografia e mamografia, a unidade da Secretaria Municipal de Sa\u00fade (SEMS) est\u00e1 com setor de radiografia funcionando normalmente.<\/p>\n<p>&nbsp;<\/p>\n<p>Para atender a demanda reprimida durante o per\u00edodo de recupera\u00e7\u00e3o de parte da estrutura do Centro de Diagn\u00f3stico, a SEMS prioriza o per\u00edodo de 05 a 10 de setembro para exames de raio-x.<\/p>\n<p>&nbsp;<\/p>\n<p>Durante esse per\u00edodo, o foco ser\u00e1 para quem j\u00e1 tinha procedimento agendado que ainda n\u00e3o foi realizado devido a reforma do pr\u00e9dio da unidade.<\/p>\n<p>&nbsp;<\/p>\n<p>Vale lembrar que quarta-feira (07), o Centro de Diagn\u00f3stico estar\u00e1 fechado por causa do feriado de 7 de Setembro.<\/p>\n<p>&nbsp;<\/p>\n<p>A SEMS Penedo informa ainda que somente partir do dia 12 de setembro ser\u00e3o liberados novos agendamentos para radiografia, seguindo encaminhamento dos postos de sa\u00fade.<\/p>\n<p>&nbsp;<\/p>\n<p>Para mais informa\u00e7\u00f5es, basta entrar em contato pelo WhatsApp da Secretaria Municipal de Sa\u00fade no telefone (82) 99925-5743.<\/p>\n<p>&nbsp;<\/p>\n<p>&nbsp;<\/p>\n<p>&nbsp;<\/p>\n<p><strong>por Gabriela Flores com Secom PMP<\/strong><\/p>\n<p>&nbsp;<\/p>\n","protected":false},"excerpt":{"rendered":"<p>O Centro de Diagn\u00f3stico Almir Nogueira Lopes est\u00e1 com todos os servi\u00e7os funcionamento normalmente para a popula\u00e7\u00e3o de Penedo e regi\u00e3o. &nbsp; Al\u00e9m da retomada dos exames de tomografia e mamografia, a unidade da Secretaria Municipal de Sa\u00fade (SEMS) est\u00e1 com setor de radiografia funcionando normalmente. &nbsp; Para atender a demanda reprimida durante o per\u00edodo &hellip;<\/p>\n","protected":false},"author":2,"featured_media":24935,"comment_status":"open","ping_status":"open","sticky":false,"template":"","format":"standard","meta":{"_jetpack_memberships_contains_paid_content":false,"footnotes":""},"categories":[1,3],"tags":[],"class_list":["post-24934","post","type-post","status-publish","format-standard","has-post-thumbnail","hentry","category-destaque","category-penedo"],"jetpack_featured_media_url":"https:\/\/www.oparanews.com.br\/wp-content\/uploads\/2022\/09\/centro-diagnostico-penedo-2.jpeg","jetpack_sharing_enabled":true,"_links":{"self":[{"href":"https:\/\/www.oparanews.com.br\/index.php\/wp-json\/wp\/v2\/posts\/24934","targetHints":{"allow":["GET"]}}],"collection":[{"href":"https:\/\/www.oparanews.com.br\/index.php\/wp-json\/wp\/v2\/posts"}],"about":[{"href":"https:\/\/www.oparanews.com.br\/index.php\/wp-json\/wp\/v2\/types\/post"}],"author":[{"embeddable":true,"href":"https:\/\/www.oparanews.com.br\/index.php\/wp-json\/wp\/v2\/users\/2"}],"replies":[{"embeddable":true,"href":"https:\/\/www.oparanews.com.br\/index.php\/wp-json\/wp\/v2\/comments?post=24934"}],"version-history":[{"count":1,"href":"https:\/\/www.oparanews.com.br\/index.php\/wp-json\/wp\/v2\/posts\/24934\/revisions"}],"predecessor-version":[{"id":24936,"href":"https:\/\/www.oparanews.com.br\/index.php\/wp-json\/wp\/v2\/posts\/24934\/revisions\/24936"}],"wp:featuredmedia":[{"embeddable":true,"href":"https:\/\/www.oparanews.com.br\/index.php\/wp-json\/wp\/v2\/media\/24935"}],"wp:attachment":[{"href":"https:\/\/www.oparanews.com.br\/index.php\/wp-json\/wp\/v2\/media?parent=24934"}],"wp:term":[{"taxonomy":"category","embeddable":true,"href":"https:\/\/www.oparanews.com.br\/index.php\/wp-json\/wp\/v2\/categories?post=24934"},{"taxonomy":"post_tag","embeddable":true,"href":"https:\/\/www.oparanews.com.br\/index.php\/wp-json\/wp\/v2\/tags?post=24934"}],"curies":[{"name":"wp","href":"https:\/\/api.w.org\/{rel}","templated":true}]}}