{"id":24946,"date":"2022-09-06T10:51:24","date_gmt":"2022-09-06T13:51:24","guid":{"rendered":"https:\/\/www.oparanews.com.br\/?p=24946"},"modified":"2022-09-06T10:51:24","modified_gmt":"2022-09-06T13:51:24","slug":"prefeitura-de-penedo-transmite-ao-vivo-desfile-civico-em-seu-canal-no-youtube","status":"publish","type":"post","link":"https:\/\/www.oparanews.com.br\/index.php\/2022\/09\/06\/prefeitura-de-penedo-transmite-ao-vivo-desfile-civico-em-seu-canal-no-youtube\/","title":{"rendered":"Prefeitura de Penedo transmite, ao vivo, desfile c\u00edvico em seu canal no YouTube"},"content":{"rendered":"<p>O tradicional desfile c\u00edvico de 7 de Setembro ser\u00e1 transmitido, ao vivo, pela Prefeitura de Penedo em seu canal na plataforma de streaming YouTube.<\/p>\n<p>&nbsp;<\/p>\n<p>O trabalho da Secretaria Municipal de Comunica\u00e7\u00e3o (Secom) ser\u00e1 feito com c\u00e2meras no palanque instalado na Pra\u00e7a 12 de Abril e registros nas ruas da cidade.<\/p>\n<p>&nbsp;<\/p>\n<p>A cobertura online est\u00e1 prevista para come\u00e7ar as 14 horas, acompanhando o Prefeito Ronaldo Lopes e demais autoridades durante a abertura do evento que atrai milhares de pessoas.<\/p>\n<p>&nbsp;<\/p>\n<p>\u201cO 7 de Setembro \u00e9 uma data muito importante para todos os brasileiros e Penedo tem a tradi\u00e7\u00e3o de celebrar a nossa independ\u00eancia de forma patri\u00f3tica. Como existem penedenses que querem acompanhar o desfile, mas n\u00e3o est\u00e3o na cidade ou n\u00e3o podem sair de sua casa por motivo de sa\u00fade, n\u00f3s estamos a celebra\u00e7\u00e3o at\u00e9 o conforto do lar de cada um\u201d, explica Kim Emmanuel, gestor da Secom da Prefeitura de Penedo.<\/p>\n<p>&nbsp;<\/p>\n<p><a href=\"https:\/\/www.youtube.com\/c\/PrefeituradePenedo\"><strong>A transmiss\u00e3o ser\u00e1 feita no canal oficial da administra\u00e7\u00e3o municipal no YouTube<\/strong><\/a>.<\/p>\n<p>&nbsp;<\/p>\n<p>&nbsp;<\/p>\n<p>&nbsp;<\/p>\n<p>&nbsp;<\/p>\n<p><strong>Fonte: Secom PMP<\/strong><\/p>\n<p>&nbsp;<\/p>\n","protected":false},"excerpt":{"rendered":"<p>O tradicional desfile c\u00edvico de 7 de Setembro ser\u00e1 transmitido, ao vivo, pela Prefeitura de Penedo em seu canal na plataforma de streaming YouTube. &nbsp; O trabalho da Secretaria Municipal de Comunica\u00e7\u00e3o (Secom) ser\u00e1 feito com c\u00e2meras no palanque instalado na Pra\u00e7a 12 de Abril e registros nas ruas da cidade. &nbsp; A cobertura online &hellip;<\/p>\n","protected":false},"author":2,"featured_media":24947,"comment_status":"open","ping_status":"open","sticky":false,"template":"","format":"standard","meta":{"_jetpack_memberships_contains_paid_content":false,"footnotes":""},"categories":[1,3],"tags":[],"class_list":["post-24946","post","type-post","status-publish","format-standard","has-post-thumbnail","hentry","category-destaque","category-penedo"],"jetpack_featured_media_url":"https:\/\/www.oparanews.com.br\/wp-content\/uploads\/2022\/09\/desfile-7-de-Setembro-9.jpg","jetpack_sharing_enabled":true,"_links":{"self":[{"href":"https:\/\/www.oparanews.com.br\/index.php\/wp-json\/wp\/v2\/posts\/24946","targetHints":{"allow":["GET"]}}],"collection":[{"href":"https:\/\/www.oparanews.com.br\/index.php\/wp-json\/wp\/v2\/posts"}],"about":[{"href":"https:\/\/www.oparanews.com.br\/index.php\/wp-json\/wp\/v2\/types\/post"}],"author":[{"embeddable":true,"href":"https:\/\/www.oparanews.com.br\/index.php\/wp-json\/wp\/v2\/users\/2"}],"replies":[{"embeddable":true,"href":"https:\/\/www.oparanews.com.br\/index.php\/wp-json\/wp\/v2\/comments?post=24946"}],"version-history":[{"count":1,"href":"https:\/\/www.oparanews.com.br\/index.php\/wp-json\/wp\/v2\/posts\/24946\/revisions"}],"predecessor-version":[{"id":24948,"href":"https:\/\/www.oparanews.com.br\/index.php\/wp-json\/wp\/v2\/posts\/24946\/revisions\/24948"}],"wp:featuredmedia":[{"embeddable":true,"href":"https:\/\/www.oparanews.com.br\/index.php\/wp-json\/wp\/v2\/media\/24947"}],"wp:attachment":[{"href":"https:\/\/www.oparanews.com.br\/index.php\/wp-json\/wp\/v2\/media?parent=24946"}],"wp:term":[{"taxonomy":"category","embeddable":true,"href":"https:\/\/www.oparanews.com.br\/index.php\/wp-json\/wp\/v2\/categories?post=24946"},{"taxonomy":"post_tag","embeddable":true,"href":"https:\/\/www.oparanews.com.br\/index.php\/wp-json\/wp\/v2\/tags?post=24946"}],"curies":[{"name":"wp","href":"https:\/\/api.w.org\/{rel}","templated":true}]}}