{"id":24949,"date":"2022-09-06T16:46:19","date_gmt":"2022-09-06T19:46:19","guid":{"rendered":"https:\/\/www.oparanews.com.br\/?p=24949"},"modified":"2022-09-06T16:46:19","modified_gmt":"2022-09-06T19:46:19","slug":"prefeitura-de-penedo-e-senac-abrem-inscricao-para-dois-cursos-gratuitos","status":"publish","type":"post","link":"https:\/\/www.oparanews.com.br\/index.php\/2022\/09\/06\/prefeitura-de-penedo-e-senac-abrem-inscricao-para-dois-cursos-gratuitos\/","title":{"rendered":"Prefeitura de Penedo e Senac abrem inscri\u00e7\u00e3o para dois cursos gratuitos"},"content":{"rendered":"<p>A parceria entre a Prefeitura de Penedo e o Senac viabiliza, de forma gratuita, a forma\u00e7\u00e3o profissional em vendas e assist\u00eancia administrativa.<\/p>\n<p>&nbsp;<\/p>\n<p>Os dois cursos est\u00e3o com inscri\u00e7\u00e3o aberta para pessoas com Ensino Fundamental completo, sendo o de Assistente Administrativo para a faixa et\u00e1ria a partir de 15 anos e o de Vendedor para quem j\u00e1 tem fez 16 anos.<\/p>\n<p>&nbsp;<\/p>\n<p>Os interessados devem comparecer at\u00e9 o dia 21 deste m\u00eas na Secretaria de Desenvolvimento Econ\u00f4mico, Com\u00e9rcio e Industria \u2013 SEDECIN, localizada na Rua Sete de Setembro, n\u00b0 116. Centro Hist\u00f3rico de Penedo, de segunda a sexta, das 08h \u00e0s 13h.<\/p>\n<p>&nbsp;<\/p>\n<p>\u00c9 necess\u00e1rio apresentar os seguintes documentos originais, com c\u00f3pia leg\u00edvel: RG, CPF, comprovante de resid\u00eancia, comprovante de escolaridade, hist\u00f3rico ou declara\u00e7\u00e3o Escolar, desde que a c\u00f3pia ou o original deste documento esteja v\u00e1lida at\u00e9 30 dias da emiss\u00e3o pela Institui\u00e7\u00e3o de ensino.<\/p>\n<p>&nbsp;<\/p>\n<p>&nbsp;<\/p>\n<p>&nbsp;<\/p>\n<p><strong>Fonte: Secom PMP<\/strong><\/p>\n<p>&nbsp;<\/p>\n","protected":false},"excerpt":{"rendered":"<p>A parceria entre a Prefeitura de Penedo e o Senac viabiliza, de forma gratuita, a forma\u00e7\u00e3o profissional em vendas e assist\u00eancia administrativa. &nbsp; Os dois cursos est\u00e3o com inscri\u00e7\u00e3o aberta para pessoas com Ensino Fundamental completo, sendo o de Assistente Administrativo para a faixa et\u00e1ria a partir de 15 anos e o de Vendedor para &hellip;<\/p>\n","protected":false},"author":2,"featured_media":24950,"comment_status":"open","ping_status":"open","sticky":false,"template":"","format":"standard","meta":{"_jetpack_memberships_contains_paid_content":false,"footnotes":""},"categories":[1,3],"tags":[],"class_list":["post-24949","post","type-post","status-publish","format-standard","has-post-thumbnail","hentry","category-destaque","category-penedo"],"jetpack_featured_media_url":"https:\/\/www.oparanews.com.br\/wp-content\/uploads\/2022\/09\/curso-profissionalizante.jpg","jetpack_sharing_enabled":true,"_links":{"self":[{"href":"https:\/\/www.oparanews.com.br\/index.php\/wp-json\/wp\/v2\/posts\/24949","targetHints":{"allow":["GET"]}}],"collection":[{"href":"https:\/\/www.oparanews.com.br\/index.php\/wp-json\/wp\/v2\/posts"}],"about":[{"href":"https:\/\/www.oparanews.com.br\/index.php\/wp-json\/wp\/v2\/types\/post"}],"author":[{"embeddable":true,"href":"https:\/\/www.oparanews.com.br\/index.php\/wp-json\/wp\/v2\/users\/2"}],"replies":[{"embeddable":true,"href":"https:\/\/www.oparanews.com.br\/index.php\/wp-json\/wp\/v2\/comments?post=24949"}],"version-history":[{"count":1,"href":"https:\/\/www.oparanews.com.br\/index.php\/wp-json\/wp\/v2\/posts\/24949\/revisions"}],"predecessor-version":[{"id":24951,"href":"https:\/\/www.oparanews.com.br\/index.php\/wp-json\/wp\/v2\/posts\/24949\/revisions\/24951"}],"wp:featuredmedia":[{"embeddable":true,"href":"https:\/\/www.oparanews.com.br\/index.php\/wp-json\/wp\/v2\/media\/24950"}],"wp:attachment":[{"href":"https:\/\/www.oparanews.com.br\/index.php\/wp-json\/wp\/v2\/media?parent=24949"}],"wp:term":[{"taxonomy":"category","embeddable":true,"href":"https:\/\/www.oparanews.com.br\/index.php\/wp-json\/wp\/v2\/categories?post=24949"},{"taxonomy":"post_tag","embeddable":true,"href":"https:\/\/www.oparanews.com.br\/index.php\/wp-json\/wp\/v2\/tags?post=24949"}],"curies":[{"name":"wp","href":"https:\/\/api.w.org\/{rel}","templated":true}]}}