{"id":24964,"date":"2022-09-08T20:59:19","date_gmt":"2022-09-08T23:59:19","guid":{"rendered":"https:\/\/www.oparanews.com.br\/?p=24964"},"modified":"2022-09-08T20:59:19","modified_gmt":"2022-09-08T23:59:19","slug":"penedo-realiza-o-melhor-e-mais-emocionante-desfile-civico-de-alagoas","status":"publish","type":"post","link":"https:\/\/www.oparanews.com.br\/index.php\/2022\/09\/08\/penedo-realiza-o-melhor-e-mais-emocionante-desfile-civico-de-alagoas\/","title":{"rendered":"Penedo realiza o melhor e mais emocionante desfile c\u00edvico de Alagoas"},"content":{"rendered":"<p>Milhares de pessoas prestigiaram o desfile c\u00edvico em Penedo, nas ruas e pela internet. A transmiss\u00e3o ao vivo realizada pela Secretaria Municipal de Comunica\u00e7\u00e3o (Secom) foi conclu\u00edda com 21.664 visualiza\u00e7\u00f5es no canal da Prefeitura de Penedo no YouTube.<\/p>\n<p>&nbsp;<\/p>\n<p>Ao longo de praticamente seis horas e meia, quem n\u00e3o mora em Penedo ou preferiu ficar em casa pode acompanhar a retomada da parada c\u00edvico-militar, celebra\u00e7\u00e3o do bicenten\u00e1rio da Independ\u00eancia do Brasil.<\/p>\n<p><a href=\"http:\/\/www.oparanews.com.br\/wp-content\/uploads\/2022\/09\/penedo-desfile-civico-2022-2.jpeg\"><img loading=\"lazy\" decoding=\"async\" class=\"aligncenter size-full wp-image-24966\" src=\"http:\/\/www.oparanews.com.br\/wp-content\/uploads\/2022\/09\/penedo-desfile-civico-2022-2.jpeg\" alt=\"\" width=\"1600\" height=\"900\" srcset=\"https:\/\/www.oparanews.com.br\/wp-content\/uploads\/2022\/09\/penedo-desfile-civico-2022-2.jpeg 1600w, https:\/\/www.oparanews.com.br\/wp-content\/uploads\/2022\/09\/penedo-desfile-civico-2022-2-300x169.jpeg 300w, https:\/\/www.oparanews.com.br\/wp-content\/uploads\/2022\/09\/penedo-desfile-civico-2022-2-1024x576.jpeg 1024w, https:\/\/www.oparanews.com.br\/wp-content\/uploads\/2022\/09\/penedo-desfile-civico-2022-2-768x432.jpeg 768w, https:\/\/www.oparanews.com.br\/wp-content\/uploads\/2022\/09\/penedo-desfile-civico-2022-2-1536x864.jpeg 1536w, https:\/\/www.oparanews.com.br\/wp-content\/uploads\/2022\/09\/penedo-desfile-civico-2022-2-390x220.jpeg 390w\" sizes=\"auto, (max-width: 1600px) 100vw, 1600px\" \/><\/a><\/p>\n<p>O trabalho que mobilizou todos os setores da gest\u00e3o Ronaldo Lopes emocionou a multid\u00e3o nas ruas e nas arquibancadas instaladas ao lado do palanque oficial, na orla ribeirinha.<\/p>\n<p>&nbsp;<\/p>\n<p>Ao mesmo, internautas acompanhavam a evolu\u00e7\u00e3o do desfile, cada um com tempo m\u00e9dio de 22 minutos na live que registrou pico de audi\u00eancia com mais de 1.723 pessoas acompanhando simultaneamente.<\/p>\n<p>&nbsp;<\/p>\n<p>A transmiss\u00e3o come\u00e7ou por volta das 14h30, quando o Prefeito Ronaldo Lopes fez a tradicional revista das tropas militares, acompanhado por oficiais da Marinha, Ex\u00e9rcito, Pol\u00edcia Militar e do Bispo Diocesano de Penedo, Dom Valdemir Ferreira.<\/p>\n<p><a href=\"http:\/\/www.oparanews.com.br\/wp-content\/uploads\/2022\/09\/penedo-desfile-civico-2022-13.jpeg\"><img loading=\"lazy\" decoding=\"async\" class=\"aligncenter size-full wp-image-24967\" src=\"http:\/\/www.oparanews.com.br\/wp-content\/uploads\/2022\/09\/penedo-desfile-civico-2022-13.jpeg\" alt=\"\" width=\"1280\" height=\"853\" srcset=\"https:\/\/www.oparanews.com.br\/wp-content\/uploads\/2022\/09\/penedo-desfile-civico-2022-13.jpeg 1280w, https:\/\/www.oparanews.com.br\/wp-content\/uploads\/2022\/09\/penedo-desfile-civico-2022-13-300x200.jpeg 300w, https:\/\/www.oparanews.com.br\/wp-content\/uploads\/2022\/09\/penedo-desfile-civico-2022-13-1024x682.jpeg 1024w, https:\/\/www.oparanews.com.br\/wp-content\/uploads\/2022\/09\/penedo-desfile-civico-2022-13-768x512.jpeg 768w\" sizes=\"auto, (max-width: 1280px) 100vw, 1280px\" \/><\/a><\/p>\n<p>Em carro aberto, eles desceram a Avenida Get\u00falio Vargas em dire\u00e7\u00e3o ao palanque, recebendo o carinho e o respeito da popula\u00e7\u00e3o.<\/p>\n<p>&nbsp;<\/p>\n<p>\u201cO povo de Penedo adora o desfile de 7 de setembro, \u00e9 uma tradi\u00e7\u00e3o em nossa cidade e nos dois \u00faltimos anos n\u00e3o foi poss\u00edvel realizar em fun\u00e7\u00e3o da pandemia de Covid. E agora, quando comemoramos 200 anos de nossa independ\u00eancia, estamos novamente promovendo essa festa c\u00edvica, junto com a popula\u00e7\u00e3o\u201d, disse Ronaldo Lopes.<\/p>\n<p>&nbsp;<\/p>\n<p>Recebido por vereadores, secret\u00e1rios municipais e populares, o Prefeito de Penedo acompanhou o desfile at\u00e9 o final. Por volta das 20h30, a banda da Escola Estadual Comendador Jos\u00e9 da Silva Peixoto comprovou porque \u00e9 considerada uma das melhores do estado.<\/p>\n<p><a href=\"http:\/\/www.oparanews.com.br\/wp-content\/uploads\/2022\/09\/penedo-desfile-civico-2022-128.jpeg\"><img loading=\"lazy\" decoding=\"async\" class=\"aligncenter size-full wp-image-24968\" src=\"http:\/\/www.oparanews.com.br\/wp-content\/uploads\/2022\/09\/penedo-desfile-civico-2022-128.jpeg\" alt=\"\" width=\"1280\" height=\"853\" srcset=\"https:\/\/www.oparanews.com.br\/wp-content\/uploads\/2022\/09\/penedo-desfile-civico-2022-128.jpeg 1280w, https:\/\/www.oparanews.com.br\/wp-content\/uploads\/2022\/09\/penedo-desfile-civico-2022-128-300x200.jpeg 300w, https:\/\/www.oparanews.com.br\/wp-content\/uploads\/2022\/09\/penedo-desfile-civico-2022-128-1024x682.jpeg 1024w, https:\/\/www.oparanews.com.br\/wp-content\/uploads\/2022\/09\/penedo-desfile-civico-2022-128-768x512.jpeg 768w\" sizes=\"auto, (max-width: 1280px) 100vw, 1280px\" \/><\/a><\/p>\n<p>Antes do encerramento em alto estilo, todas as institui\u00e7\u00f5es militares atuantes em Penedo abrilhataram o desfile, com efetivo, banda e ve\u00edculos. A plateia aplaudiu, com mais entusiasmo, a participa\u00e7\u00e3o da Pol\u00edcia Militar no momento da encena\u00e7\u00e3o da Patrulha Maria da Penha que captura o autor de agress\u00e3o contra mulher.<\/p>\n<p>&nbsp;<\/p>\n<p>Em seguida, a Secretaria Municipal de Educa\u00e7\u00e3o levou para as ruas o que desenvolve nas salas de aula. Estudantes, professores, coordenadores e diretores de todas as turmas, inclusive EJA, desfilaram junto com a banda da Escola Estadual Pedro Reys (Igreja Nova) e com a Banda Municipal Jorge Souza Nascimento, composta por 150 integrantes, todos alunos e alunas da Semed.<\/p>\n<p><a href=\"http:\/\/www.oparanews.com.br\/wp-content\/uploads\/2022\/09\/penedo-desfile-civico-2022-66.jpeg\"><img loading=\"lazy\" decoding=\"async\" class=\"aligncenter size-full wp-image-24969\" src=\"http:\/\/www.oparanews.com.br\/wp-content\/uploads\/2022\/09\/penedo-desfile-civico-2022-66.jpeg\" alt=\"\" width=\"1280\" height=\"853\" srcset=\"https:\/\/www.oparanews.com.br\/wp-content\/uploads\/2022\/09\/penedo-desfile-civico-2022-66.jpeg 1280w, https:\/\/www.oparanews.com.br\/wp-content\/uploads\/2022\/09\/penedo-desfile-civico-2022-66-300x200.jpeg 300w, https:\/\/www.oparanews.com.br\/wp-content\/uploads\/2022\/09\/penedo-desfile-civico-2022-66-1024x682.jpeg 1024w, https:\/\/www.oparanews.com.br\/wp-content\/uploads\/2022\/09\/penedo-desfile-civico-2022-66-768x512.jpeg 768w\" sizes=\"auto, (max-width: 1280px) 100vw, 1280px\" \/><\/a><\/p>\n<p>O desfile do 7 de Setembro em Penedo tamb\u00e9m contou com o brilho da rede privada. Os col\u00e9gios Sagrado Cora\u00e7\u00e3o de Jesus e Nossa Senhora de F\u00e1tima elaboraram homenagens ao bicenten\u00e1rio da Independ\u00eancia, assim como a Escola Nossa Senhora Auxiliadora.<\/p>\n<p>&nbsp;<\/p>\n<p>Da mesma forma, o Instituto Federal de Alagoas e a Escola Estadual Dr. Alcides Andrade participaram com a mesma tem\u00e1tica, destacando o car\u00e1ter patri\u00f3tico do evento que contou ainda com a garra da Banda Fanfarra F\u00eanix de Penedo.<\/p>\n<p><a href=\"http:\/\/www.oparanews.com.br\/wp-content\/uploads\/2022\/09\/penedo-desfile-civico-2022-130.jpeg\"><img loading=\"lazy\" decoding=\"async\" class=\"aligncenter size-full wp-image-24970\" src=\"http:\/\/www.oparanews.com.br\/wp-content\/uploads\/2022\/09\/penedo-desfile-civico-2022-130.jpeg\" alt=\"\" width=\"1280\" height=\"853\" srcset=\"https:\/\/www.oparanews.com.br\/wp-content\/uploads\/2022\/09\/penedo-desfile-civico-2022-130.jpeg 1280w, https:\/\/www.oparanews.com.br\/wp-content\/uploads\/2022\/09\/penedo-desfile-civico-2022-130-300x200.jpeg 300w, https:\/\/www.oparanews.com.br\/wp-content\/uploads\/2022\/09\/penedo-desfile-civico-2022-130-1024x682.jpeg 1024w, https:\/\/www.oparanews.com.br\/wp-content\/uploads\/2022\/09\/penedo-desfile-civico-2022-130-768x512.jpeg 768w\" sizes=\"auto, (max-width: 1280px) 100vw, 1280px\" \/><\/a><\/p>\n<p>Mesmo desprovidos de botas, n\u00e3o entregues a tempo pelo fornecedor, os integrantes fizeram sua parte no desfile e encantaram o p\u00fablico.<\/p>\n<p>&nbsp;<\/p>\n<p>A festa c\u00edvica foi encerrada com \u00eaxito e sem registro de ocorr\u00eancias graves, um marco na hist\u00f3ria do povo de Penedo que promoveu o melhor e mais emocionante desfile de 7 de Setembro em Alagoas neste ano de 2022.<\/p>\n<p>&nbsp;<\/p>\n<p>&nbsp;<\/p>\n<p>&nbsp;<\/p>\n<p><strong>Fonte: Secom PMP<\/strong><\/p>\n<p>&nbsp;<\/p>\n","protected":false},"excerpt":{"rendered":"<p>Milhares de pessoas prestigiaram o desfile c\u00edvico em Penedo, nas ruas e pela internet. A transmiss\u00e3o ao vivo realizada pela Secretaria Municipal de Comunica\u00e7\u00e3o (Secom) foi conclu\u00edda com 21.664 visualiza\u00e7\u00f5es no canal da Prefeitura de Penedo no YouTube. &nbsp; Ao longo de praticamente seis horas e meia, quem n\u00e3o mora em Penedo ou preferiu ficar &hellip;<\/p>\n","protected":false},"author":2,"featured_media":24965,"comment_status":"open","ping_status":"open","sticky":false,"template":"","format":"standard","meta":{"_jetpack_memberships_contains_paid_content":false,"footnotes":""},"categories":[1,3],"tags":[],"class_list":["post-24964","post","type-post","status-publish","format-standard","has-post-thumbnail","hentry","category-destaque","category-penedo"],"jetpack_featured_media_url":"https:\/\/www.oparanews.com.br\/wp-content\/uploads\/2022\/09\/penedo-desfile-civico-2022.jpg","jetpack_sharing_enabled":true,"_links":{"self":[{"href":"https:\/\/www.oparanews.com.br\/index.php\/wp-json\/wp\/v2\/posts\/24964","targetHints":{"allow":["GET"]}}],"collection":[{"href":"https:\/\/www.oparanews.com.br\/index.php\/wp-json\/wp\/v2\/posts"}],"about":[{"href":"https:\/\/www.oparanews.com.br\/index.php\/wp-json\/wp\/v2\/types\/post"}],"author":[{"embeddable":true,"href":"https:\/\/www.oparanews.com.br\/index.php\/wp-json\/wp\/v2\/users\/2"}],"replies":[{"embeddable":true,"href":"https:\/\/www.oparanews.com.br\/index.php\/wp-json\/wp\/v2\/comments?post=24964"}],"version-history":[{"count":1,"href":"https:\/\/www.oparanews.com.br\/index.php\/wp-json\/wp\/v2\/posts\/24964\/revisions"}],"predecessor-version":[{"id":24971,"href":"https:\/\/www.oparanews.com.br\/index.php\/wp-json\/wp\/v2\/posts\/24964\/revisions\/24971"}],"wp:featuredmedia":[{"embeddable":true,"href":"https:\/\/www.oparanews.com.br\/index.php\/wp-json\/wp\/v2\/media\/24965"}],"wp:attachment":[{"href":"https:\/\/www.oparanews.com.br\/index.php\/wp-json\/wp\/v2\/media?parent=24964"}],"wp:term":[{"taxonomy":"category","embeddable":true,"href":"https:\/\/www.oparanews.com.br\/index.php\/wp-json\/wp\/v2\/categories?post=24964"},{"taxonomy":"post_tag","embeddable":true,"href":"https:\/\/www.oparanews.com.br\/index.php\/wp-json\/wp\/v2\/tags?post=24964"}],"curies":[{"name":"wp","href":"https:\/\/api.w.org\/{rel}","templated":true}]}}