{"id":24972,"date":"2022-09-08T21:01:45","date_gmt":"2022-09-09T00:01:45","guid":{"rendered":"https:\/\/www.oparanews.com.br\/?p=24972"},"modified":"2022-09-08T21:01:45","modified_gmt":"2022-09-09T00:01:45","slug":"jhc-se-licencia-da-prefeitura-de-maceio-e-presidente-da-camara-assume-gestao-municipal","status":"publish","type":"post","link":"https:\/\/www.oparanews.com.br\/index.php\/2022\/09\/08\/jhc-se-licencia-da-prefeitura-de-maceio-e-presidente-da-camara-assume-gestao-municipal\/","title":{"rendered":"JHC se licencia da prefeitura de Macei\u00f3 e presidente da C\u00e2mara assume gest\u00e3o municipal"},"content":{"rendered":"<p>JHC (PSB) vai se afastar da prefeitura de Macei\u00f3 at\u00e9 o dia 2 de outubro. O pedido de licen\u00e7a foi aprovado nesta quinta-feira (8) pela C\u00e2mara de Vereadores. Quem assume o comando do Executivo Municipal \u00e9 o presidente da C\u00e2mara, Galba Netto (MDB).<\/p>\n<p>&nbsp;<\/p>\n<p>Terceiro na ordem sucess\u00f3ria do Executivo, Galba assume a prefeitura nesse per\u00edodo porque o vice de JHC, Ronaldo Lessa (PDT), j\u00e1 tinha se afastado para concorrer ao cargo de vice-governador do estado nas elei\u00e7\u00f5es de outubro.<\/p>\n<p>&nbsp;<\/p>\n<p>A licen\u00e7a deve ser oficializada por meio de portaria no Di\u00e1rio Oficial do Munic\u00edpio na sexta-feira (9). N\u00e3o foi divulgado oficialmente o motivo do afastamento, mas j\u00e1 \u00e9 de conhecimento de que a licen\u00e7a \u00e9 para que JHC possa se dedicar integralmente \u00e0 campanha eleitoral dos candidatos que apoia.<\/p>\n<p>&nbsp;<\/p>\n<p>Na aus\u00eancia da Galba, Luciano Marinho (MDB) assume a presid\u00eancia da C\u00e2mara.<\/p>\n<p>&nbsp;<\/p>\n<p>&nbsp;<\/p>\n<p>&nbsp;<\/p>\n<p><strong>Fonte: G1\/AL<\/strong><\/p>\n<p>&nbsp;<\/p>\n","protected":false},"excerpt":{"rendered":"<p>JHC (PSB) vai se afastar da prefeitura de Macei\u00f3 at\u00e9 o dia 2 de outubro. O pedido de licen\u00e7a foi aprovado nesta quinta-feira (8) pela C\u00e2mara de Vereadores. Quem assume o comando do Executivo Municipal \u00e9 o presidente da C\u00e2mara, Galba Netto (MDB). &nbsp; Terceiro na ordem sucess\u00f3ria do Executivo, Galba assume a prefeitura nesse &hellip;<\/p>\n","protected":false},"author":2,"featured_media":24973,"comment_status":"open","ping_status":"open","sticky":false,"template":"","format":"standard","meta":{"_jetpack_memberships_contains_paid_content":false,"footnotes":""},"categories":[4],"tags":[],"class_list":["post-24972","post","type-post","status-publish","format-standard","has-post-thumbnail","hentry","category-alagoas"],"jetpack_featured_media_url":"https:\/\/www.oparanews.com.br\/wp-content\/uploads\/2022\/09\/prefeito-jhc.webp","jetpack_sharing_enabled":true,"_links":{"self":[{"href":"https:\/\/www.oparanews.com.br\/index.php\/wp-json\/wp\/v2\/posts\/24972","targetHints":{"allow":["GET"]}}],"collection":[{"href":"https:\/\/www.oparanews.com.br\/index.php\/wp-json\/wp\/v2\/posts"}],"about":[{"href":"https:\/\/www.oparanews.com.br\/index.php\/wp-json\/wp\/v2\/types\/post"}],"author":[{"embeddable":true,"href":"https:\/\/www.oparanews.com.br\/index.php\/wp-json\/wp\/v2\/users\/2"}],"replies":[{"embeddable":true,"href":"https:\/\/www.oparanews.com.br\/index.php\/wp-json\/wp\/v2\/comments?post=24972"}],"version-history":[{"count":1,"href":"https:\/\/www.oparanews.com.br\/index.php\/wp-json\/wp\/v2\/posts\/24972\/revisions"}],"predecessor-version":[{"id":24974,"href":"https:\/\/www.oparanews.com.br\/index.php\/wp-json\/wp\/v2\/posts\/24972\/revisions\/24974"}],"wp:featuredmedia":[{"embeddable":true,"href":"https:\/\/www.oparanews.com.br\/index.php\/wp-json\/wp\/v2\/media\/24973"}],"wp:attachment":[{"href":"https:\/\/www.oparanews.com.br\/index.php\/wp-json\/wp\/v2\/media?parent=24972"}],"wp:term":[{"taxonomy":"category","embeddable":true,"href":"https:\/\/www.oparanews.com.br\/index.php\/wp-json\/wp\/v2\/categories?post=24972"},{"taxonomy":"post_tag","embeddable":true,"href":"https:\/\/www.oparanews.com.br\/index.php\/wp-json\/wp\/v2\/tags?post=24972"}],"curies":[{"name":"wp","href":"https:\/\/api.w.org\/{rel}","templated":true}]}}