{"id":24978,"date":"2022-09-09T15:52:05","date_gmt":"2022-09-09T18:52:05","guid":{"rendered":"https:\/\/www.oparanews.com.br\/?p=24978"},"modified":"2022-09-09T15:52:05","modified_gmt":"2022-09-09T18:52:05","slug":"programa-cria-tem-novas-beneficiarias-em-penedo","status":"publish","type":"post","link":"https:\/\/www.oparanews.com.br\/index.php\/2022\/09\/09\/programa-cria-tem-novas-beneficiarias-em-penedo\/","title":{"rendered":"Programa CRIA tem novas benefici\u00e1rias em Penedo"},"content":{"rendered":"<p>A Prefeitura de Penedo informa a rela\u00e7\u00e3o das novas benefici\u00e1rias no Programa Crian\u00e7a Alagoana (CRIA).<\/p>\n<p>&nbsp;<\/p>\n<p>A lista que pode ser conferida abaixo da not\u00edcia \u00e9 referente ao m\u00eas de agosto, inclus\u00e3o no programa de distribui\u00e7\u00e3o de renda lan\u00e7ado pelo Governador Renan Filho e mantido por Paulo Dantas.<\/p>\n<p>&nbsp;<\/p>\n<p>A Prefeitura de Penedo informa \u00e0s benefici\u00e1rias que ainda n\u00e3o pegaram seu cart\u00e3o devem se dirigir at\u00e9 o local onde a Secretaria Municipal de Assist\u00eancia Social e Direitos Humanos (SEMASDH) atende ao p\u00fablico, a antiga Unidade do Sesi, situada na Avenida Wanderley, pr\u00f3ximo ao trevo da Toca do \u00cdndio.<\/p>\n<p>&nbsp;<\/p>\n<p>O Crian\u00e7a Alagoana atende pessoas em situa\u00e7\u00e3o de pobreza, sendo o maior programa de distribui\u00e7\u00e3o de renda institu\u00eddo pelo governo estadual, especialmente fam\u00edlias com filhos na fase de primeira inf\u00e2ncia, atendendo atualmente cerca de quatro mil fam\u00edlias em Penedo.<\/p>\n<p>&nbsp;<\/p>\n<p>O calend\u00e1rio de pagamento do CRIA \u00e9 id\u00eantico ao do Aux\u00edlio Brasil, com a data do dep\u00f3sito correspondente ao final do n\u00famero do NIS do benefici\u00e1rio.<\/p>\n<p>&nbsp;<\/p>\n<p><a href=\"https:\/\/penedo.al.gov.br\/wp-content\/uploads\/2022\/09\/LISTA-CARTAO-CRIA-PENEDO-AGOSTO.pdf\"><strong>LISTA CART\u00c3O CRIA PENEDO \u2013 AGOSTO<\/strong><\/a><\/p>\n<p>&nbsp;<\/p>\n<p>&nbsp;<\/p>\n<p>&nbsp;<\/p>\n<p>&nbsp;<\/p>\n<p><strong>Fonte: Secom PMP<\/strong><\/p>\n<p>&nbsp;<\/p>\n","protected":false},"excerpt":{"rendered":"<p>A Prefeitura de Penedo informa a rela\u00e7\u00e3o das novas benefici\u00e1rias no Programa Crian\u00e7a Alagoana (CRIA). &nbsp; A lista que pode ser conferida abaixo da not\u00edcia \u00e9 referente ao m\u00eas de agosto, inclus\u00e3o no programa de distribui\u00e7\u00e3o de renda lan\u00e7ado pelo Governador Renan Filho e mantido por Paulo Dantas. &nbsp; A Prefeitura de Penedo informa \u00e0s &hellip;<\/p>\n","protected":false},"author":2,"featured_media":24979,"comment_status":"open","ping_status":"open","sticky":false,"template":"","format":"standard","meta":{"_jetpack_memberships_contains_paid_content":false,"footnotes":""},"categories":[1,3],"tags":[],"class_list":["post-24978","post","type-post","status-publish","format-standard","has-post-thumbnail","hentry","category-destaque","category-penedo"],"jetpack_featured_media_url":"https:\/\/www.oparanews.com.br\/wp-content\/uploads\/2022\/09\/lista-cria-agosto-penedo.png","jetpack_sharing_enabled":true,"_links":{"self":[{"href":"https:\/\/www.oparanews.com.br\/index.php\/wp-json\/wp\/v2\/posts\/24978","targetHints":{"allow":["GET"]}}],"collection":[{"href":"https:\/\/www.oparanews.com.br\/index.php\/wp-json\/wp\/v2\/posts"}],"about":[{"href":"https:\/\/www.oparanews.com.br\/index.php\/wp-json\/wp\/v2\/types\/post"}],"author":[{"embeddable":true,"href":"https:\/\/www.oparanews.com.br\/index.php\/wp-json\/wp\/v2\/users\/2"}],"replies":[{"embeddable":true,"href":"https:\/\/www.oparanews.com.br\/index.php\/wp-json\/wp\/v2\/comments?post=24978"}],"version-history":[{"count":1,"href":"https:\/\/www.oparanews.com.br\/index.php\/wp-json\/wp\/v2\/posts\/24978\/revisions"}],"predecessor-version":[{"id":24980,"href":"https:\/\/www.oparanews.com.br\/index.php\/wp-json\/wp\/v2\/posts\/24978\/revisions\/24980"}],"wp:featuredmedia":[{"embeddable":true,"href":"https:\/\/www.oparanews.com.br\/index.php\/wp-json\/wp\/v2\/media\/24979"}],"wp:attachment":[{"href":"https:\/\/www.oparanews.com.br\/index.php\/wp-json\/wp\/v2\/media?parent=24978"}],"wp:term":[{"taxonomy":"category","embeddable":true,"href":"https:\/\/www.oparanews.com.br\/index.php\/wp-json\/wp\/v2\/categories?post=24978"},{"taxonomy":"post_tag","embeddable":true,"href":"https:\/\/www.oparanews.com.br\/index.php\/wp-json\/wp\/v2\/tags?post=24978"}],"curies":[{"name":"wp","href":"https:\/\/api.w.org\/{rel}","templated":true}]}}