{"id":24981,"date":"2022-09-09T16:05:56","date_gmt":"2022-09-09T19:05:56","guid":{"rendered":"https:\/\/www.oparanews.com.br\/?p=24981"},"modified":"2022-09-09T16:05:56","modified_gmt":"2022-09-09T19:05:56","slug":"campanhas-de-vacinacao-contra-a-poliomielite-e-a-multivacinacao-sao-prorrogadas","status":"publish","type":"post","link":"https:\/\/www.oparanews.com.br\/index.php\/2022\/09\/09\/campanhas-de-vacinacao-contra-a-poliomielite-e-a-multivacinacao-sao-prorrogadas\/","title":{"rendered":"Campanhas de vacina\u00e7\u00e3o contra a Poliomielite e a Multivacina\u00e7\u00e3o s\u00e3o prorrogadas"},"content":{"rendered":"<p>A Secretaria Municipal de Sa\u00fade (SEMS) informa que as campanhas de vacina\u00e7\u00e3o contra a poliomielite e a de multivacina\u00e7\u00e3o para atualiza\u00e7\u00e3o da caderneta de vacina\u00e7\u00e3o est\u00e3o prorrogadas at\u00e9 o dia 30 de setembro.<\/p>\n<p>&nbsp;<\/p>\n<p><a href=\"http:\/\/www.oparanews.com.br\/wp-content\/uploads\/2022\/09\/card-campanha-vacina.jpg\"><img loading=\"lazy\" decoding=\"async\" class=\"alignleft size-medium wp-image-24983\" src=\"http:\/\/www.oparanews.com.br\/wp-content\/uploads\/2022\/09\/card-campanha-vacina-169x300.jpg\" alt=\"\" width=\"169\" height=\"300\" srcset=\"https:\/\/www.oparanews.com.br\/wp-content\/uploads\/2022\/09\/card-campanha-vacina-169x300.jpg 169w, https:\/\/www.oparanews.com.br\/wp-content\/uploads\/2022\/09\/card-campanha-vacina-576x1024.jpg 576w, https:\/\/www.oparanews.com.br\/wp-content\/uploads\/2022\/09\/card-campanha-vacina-768x1366.jpg 768w, https:\/\/www.oparanews.com.br\/wp-content\/uploads\/2022\/09\/card-campanha-vacina-864x1536.jpg 864w, https:\/\/www.oparanews.com.br\/wp-content\/uploads\/2022\/09\/card-campanha-vacina.jpg 899w\" sizes=\"auto, (max-width: 169px) 100vw, 169px\" \/><\/a>A poliomielite, conhecida como paralisia infantil, \u00e9 uma doen\u00e7a que pode provocar paralisia nos membros inferiores. Pais ou respons\u00e1veis devem levar as crian\u00e7as de 1 a menores de 5 anos para serem imunizadas e ficarem livres da doen\u00e7a.<\/p>\n<p>&nbsp;<\/p>\n<p>J\u00e1 a campanha de multivacina\u00e7\u00e3o \u00e9 para crian\u00e7as e adolescentes menores de 15 anos e tem o objetivo atualizar a caderneta de vacina\u00e7\u00e3o, com as vacinas que est\u00e3o atrasadas ou que ainda n\u00e3o foram tomadas.<\/p>\n<p>&nbsp;<\/p>\n<p>Vacine-se em qualquer posto de sa\u00fade de Penedo, de segunda \u00e0 sexta-feira, nos seguintes hor\u00e1rios: das 7h \u00e0s 11h30 e das 13h30 \u00e0s 17h.<\/p>\n<p>&nbsp;<\/p>\n<p>Mais informa\u00e7\u00f5es pelo Whatsapp da Sa\u00fade no n\u00famero (82) 99925-5743<\/p>\n<p>&nbsp;<\/p>\n<p>&nbsp;<\/p>\n<p>&nbsp;<\/p>\n<p><strong>Fonte: Secom PMP<\/strong><\/p>\n<p>&nbsp;<\/p>\n","protected":false},"excerpt":{"rendered":"<p>A Secretaria Municipal de Sa\u00fade (SEMS) informa que as campanhas de vacina\u00e7\u00e3o contra a poliomielite e a de multivacina\u00e7\u00e3o para atualiza\u00e7\u00e3o da caderneta de vacina\u00e7\u00e3o est\u00e3o prorrogadas at\u00e9 o dia 30 de setembro. &nbsp; A poliomielite, conhecida como paralisia infantil, \u00e9 uma doen\u00e7a que pode provocar paralisia nos membros inferiores. Pais ou respons\u00e1veis devem levar &hellip;<\/p>\n","protected":false},"author":2,"featured_media":24982,"comment_status":"open","ping_status":"open","sticky":false,"template":"","format":"standard","meta":{"_jetpack_memberships_contains_paid_content":false,"footnotes":""},"categories":[1,3],"tags":[],"class_list":["post-24981","post","type-post","status-publish","format-standard","has-post-thumbnail","hentry","category-destaque","category-penedo"],"jetpack_featured_media_url":"https:\/\/www.oparanews.com.br\/wp-content\/uploads\/2022\/09\/Sem-titulo-2.png","jetpack_sharing_enabled":true,"_links":{"self":[{"href":"https:\/\/www.oparanews.com.br\/index.php\/wp-json\/wp\/v2\/posts\/24981","targetHints":{"allow":["GET"]}}],"collection":[{"href":"https:\/\/www.oparanews.com.br\/index.php\/wp-json\/wp\/v2\/posts"}],"about":[{"href":"https:\/\/www.oparanews.com.br\/index.php\/wp-json\/wp\/v2\/types\/post"}],"author":[{"embeddable":true,"href":"https:\/\/www.oparanews.com.br\/index.php\/wp-json\/wp\/v2\/users\/2"}],"replies":[{"embeddable":true,"href":"https:\/\/www.oparanews.com.br\/index.php\/wp-json\/wp\/v2\/comments?post=24981"}],"version-history":[{"count":1,"href":"https:\/\/www.oparanews.com.br\/index.php\/wp-json\/wp\/v2\/posts\/24981\/revisions"}],"predecessor-version":[{"id":24984,"href":"https:\/\/www.oparanews.com.br\/index.php\/wp-json\/wp\/v2\/posts\/24981\/revisions\/24984"}],"wp:featuredmedia":[{"embeddable":true,"href":"https:\/\/www.oparanews.com.br\/index.php\/wp-json\/wp\/v2\/media\/24982"}],"wp:attachment":[{"href":"https:\/\/www.oparanews.com.br\/index.php\/wp-json\/wp\/v2\/media?parent=24981"}],"wp:term":[{"taxonomy":"category","embeddable":true,"href":"https:\/\/www.oparanews.com.br\/index.php\/wp-json\/wp\/v2\/categories?post=24981"},{"taxonomy":"post_tag","embeddable":true,"href":"https:\/\/www.oparanews.com.br\/index.php\/wp-json\/wp\/v2\/tags?post=24981"}],"curies":[{"name":"wp","href":"https:\/\/api.w.org\/{rel}","templated":true}]}}