{"id":24989,"date":"2022-09-10T23:21:06","date_gmt":"2022-09-11T02:21:06","guid":{"rendered":"https:\/\/www.oparanews.com.br\/?p=24989"},"modified":"2022-09-10T23:21:06","modified_gmt":"2022-09-11T02:21:06","slug":"caminhada-com-guilherme-lopes-atrai-multidao-em-penedo","status":"publish","type":"post","link":"https:\/\/www.oparanews.com.br\/index.php\/2022\/09\/10\/caminhada-com-guilherme-lopes-atrai-multidao-em-penedo\/","title":{"rendered":"Caminhada com Guilherme Lopes atrai multid\u00e3o em Penedo"},"content":{"rendered":"<p>No final da tarde e in\u00edcio da noite desta sexta-feira, 09, um mar de gente tomou conta das ruas de Penedo para a caminhada dos candidatos a governador, vice, senador, deputado federal e estadual por Alagoas.<\/p>\n<p>&nbsp;<\/p>\n<p>Da concentra\u00e7\u00e3o na Pra\u00e7a S\u00e3o Judas Tadeu, o povo seguiu junto com quem vai manter Alagoas no rumo do desenvolvimento at\u00e9 a Rua da Floresta, onde os candidatos mostraram o que fazer para o estado n\u00e3o parar de crescer.<\/p>\n<p>&nbsp;<\/p>\n<p>&#8220;O povo de Penedo colocar\u00e1 um penedense na Assembleia Legislativa, n\u00e3o tenho d\u00favida. Pelo compromisso que voc\u00ea tem, pela for\u00e7a de vontade que voc\u00ea tem, ir\u00e1 trabalhar para os penedenses&#8221; afirmou o candidato a deputado federal, Luciano Amaral.<\/p>\n<p>&nbsp;<\/p>\n<p><strong>O ex-prefeito de Penedo, Marcius Beltr\u00e3o, tamb\u00e9m declarou apoio \u00e0 candidatura de Guilherme Lopes.<\/strong><\/p>\n<p>&nbsp;<\/p>\n<p>&#8220;Quero apresentar o meu candidato a deputado estadual, o jovem Guilherme Lopes, que \u00e9 da terra! Isso praticamente tava na cara de todo mundo, que sempre procurei apoiar pessoas que tem identidade com o munic\u00edpio de Penedo, pessoas que tem identidade com o Litoral Sul&#8221;, destacou Marcius Beltr\u00e3o.<\/p>\n<p>&nbsp;<\/p>\n<p><strong>O ex-governador e candidato ao Senado Federal, Renan Filho, foi preciso no seu apoio ao defensor do Baixo S\u00e3o Francisco:<\/strong><\/p>\n<p>&nbsp;<\/p>\n<p>&#8220;Eu vim aqui hoje para que voc\u00eas me incorporem na elei\u00e7\u00e3o de Guilherme. A minha torcida, a minha ajuda, o meu voto, aonde eu puder ajudar esse jovem a chegar na Assembleia Legislativa, eu estarei sentindo que \u00e9 mais um trabalho que fa\u00e7o como um defensor de Penedo e do Baixo S\u00e3o Francisco&#8221;, ressaltou Renan Filho em seu discurso.<\/p>\n<p>&nbsp;<\/p>\n<p><strong>O atual governador e tamb\u00e9m candidato ao Governo de Alagoas, Paulo Dantas, elogiou o trabalho de Guilherme Lopes na Secretaria de Sa\u00fade de Penedo:<\/strong><\/p>\n<p>&nbsp;<\/p>\n<p>&#8220;Ele \u00e9 competente e eu vou dar apenas uma prova disso. Agora na pandemia, uma confus\u00e3o danada, ningu\u00e9m sabia como resolver as coisas, mas o Guilherme com humildade e com a equipe da sa\u00fade de Penedo, conseguiu salvar vidas porque ele priorizou a ci\u00eancia, priorizou o uso de m\u00e1scaras, priorizou a vacina\u00e7\u00e3o. E foi por essa raz\u00e3o que o munic\u00edpio de Penedo teve um dos melhores resultados na pandemia&#8221;, finalizou Paulo Dantas.<\/p>\n<p>&nbsp;<\/p>\n<p><strong>Guilherme Lopes discursou e falou que Penedo pode voltar a novamente ter representatividade na ALE:<\/strong><\/p>\n<p>&nbsp;<\/p>\n<p>&#8220;A popula\u00e7\u00e3o de Penedo acordou e definiu que vai acabar com um jejum de 32 anos sem Penedo e sem o Baixo S\u00e3o Francisco ter um representante na Assembleia Legislativa. Por isso, eu tenho sa\u00eddo em cima do trio por todas as ruas da cidade de Penedo, eu tenho ido em todas as regi\u00f5es do Estado de Alagoas. Nossa campanha, ningu\u00e9m acreditava, hoje o meio pol\u00edtico do Estado de Alagoas j\u00e1 coloca a gente como futuro deputado estadual. Isso principalmente por conta de Penedo, que Penedo \u00e9 quem vai dar a maior vota\u00e7\u00e3o da hist\u00f3ria a um deputado penedense.&#8221;<\/p>\n<p>&nbsp;<\/p>\n<p>&nbsp;<\/p>\n<p>&nbsp;<\/p>\n<p>&nbsp;<\/p>\n<p><strong>Fonte: Assessoria<\/strong><\/p>\n<p>&nbsp;<\/p>\n","protected":false},"excerpt":{"rendered":"<p>No final da tarde e in\u00edcio da noite desta sexta-feira, 09, um mar de gente tomou conta das ruas de Penedo para a caminhada dos candidatos a governador, vice, senador, deputado federal e estadual por Alagoas. &nbsp; Da concentra\u00e7\u00e3o na Pra\u00e7a S\u00e3o Judas Tadeu, o povo seguiu junto com quem vai manter Alagoas no rumo &hellip;<\/p>\n","protected":false},"author":2,"featured_media":24990,"comment_status":"open","ping_status":"open","sticky":false,"template":"","format":"standard","meta":{"_jetpack_memberships_contains_paid_content":false,"footnotes":""},"categories":[1,3],"tags":[],"class_list":["post-24989","post","type-post","status-publish","format-standard","has-post-thumbnail","hentry","category-destaque","category-penedo"],"jetpack_featured_media_url":"https:\/\/www.oparanews.com.br\/wp-content\/uploads\/2022\/09\/rsw_800h_500i_truecg_trueft_cover-1.webp","jetpack_sharing_enabled":true,"_links":{"self":[{"href":"https:\/\/www.oparanews.com.br\/index.php\/wp-json\/wp\/v2\/posts\/24989","targetHints":{"allow":["GET"]}}],"collection":[{"href":"https:\/\/www.oparanews.com.br\/index.php\/wp-json\/wp\/v2\/posts"}],"about":[{"href":"https:\/\/www.oparanews.com.br\/index.php\/wp-json\/wp\/v2\/types\/post"}],"author":[{"embeddable":true,"href":"https:\/\/www.oparanews.com.br\/index.php\/wp-json\/wp\/v2\/users\/2"}],"replies":[{"embeddable":true,"href":"https:\/\/www.oparanews.com.br\/index.php\/wp-json\/wp\/v2\/comments?post=24989"}],"version-history":[{"count":1,"href":"https:\/\/www.oparanews.com.br\/index.php\/wp-json\/wp\/v2\/posts\/24989\/revisions"}],"predecessor-version":[{"id":24991,"href":"https:\/\/www.oparanews.com.br\/index.php\/wp-json\/wp\/v2\/posts\/24989\/revisions\/24991"}],"wp:featuredmedia":[{"embeddable":true,"href":"https:\/\/www.oparanews.com.br\/index.php\/wp-json\/wp\/v2\/media\/24990"}],"wp:attachment":[{"href":"https:\/\/www.oparanews.com.br\/index.php\/wp-json\/wp\/v2\/media?parent=24989"}],"wp:term":[{"taxonomy":"category","embeddable":true,"href":"https:\/\/www.oparanews.com.br\/index.php\/wp-json\/wp\/v2\/categories?post=24989"},{"taxonomy":"post_tag","embeddable":true,"href":"https:\/\/www.oparanews.com.br\/index.php\/wp-json\/wp\/v2\/tags?post=24989"}],"curies":[{"name":"wp","href":"https:\/\/api.w.org\/{rel}","templated":true}]}}