{"id":25028,"date":"2022-09-13T20:30:08","date_gmt":"2022-09-13T23:30:08","guid":{"rendered":"https:\/\/www.oparanews.com.br\/?p=25028"},"modified":"2022-09-13T20:30:08","modified_gmt":"2022-09-13T23:30:08","slug":"obra-rara-de-autor-alagoano-sera-relancada-no-festival-de-musica-de-penedo","status":"publish","type":"post","link":"https:\/\/www.oparanews.com.br\/index.php\/2022\/09\/13\/obra-rara-de-autor-alagoano-sera-relancada-no-festival-de-musica-de-penedo\/","title":{"rendered":"Obra rara de autor alagoano ser\u00e1 relan\u00e7ada no Festival de M\u00fasica de Penedo"},"content":{"rendered":"<p>Uma rel\u00edquia preservada no acervo da Funda\u00e7\u00e3o Casa do Penedo chega ao p\u00fablico em geral no pr\u00f3ximo m\u00eas de outubro, quando o Dicion\u00e1rio Musical do pesquisador penedense Isaac Newton de Barros Leite ser\u00e1 relan\u00e7ado.<\/p>\n<p>&nbsp;<\/p>\n<p>O livro \u201c\u00e9 uma das primeiras obras da teoria musical do Nordeste\u201d, explica Marcos Moreira, professor e coordenador do Festival de M\u00fasica de Penedo, sobre o trabalho que re\u00fane cerca de 400 verbetes.<\/p>\n<p>&nbsp;<\/p>\n<p>A reedi\u00e7\u00e3o do Dicion\u00e1rio Musical e dos demais t\u00edtulos do Centro de Musicologia de Penedo (Cemupe) \u00e9 viabilizada pela Secretaria Municipal de Cultura, Lazer e Juventude (SEMCLEJ).<\/p>\n<p>&nbsp;<\/p>\n<p>O livro original foi arrematado em leil\u00e3o pelo fundador da Casa do Penedo, Francisco Alberto Sales, e manter\u00e1 a grafia original do estudo publicado inicialmente em 1904, pela Tipografia Comercial, na capital alagoana.<\/p>\n<p><a href=\"http:\/\/www.oparanews.com.br\/wp-content\/uploads\/2022\/09\/dicionario-musical-isaac-newton-barros-leite-3.jpeg\"><img loading=\"lazy\" decoding=\"async\" class=\"alignleft size-medium wp-image-25030\" src=\"http:\/\/www.oparanews.com.br\/wp-content\/uploads\/2022\/09\/dicionario-musical-isaac-newton-barros-leite-3-225x300.jpeg\" alt=\"\" width=\"225\" height=\"300\" srcset=\"https:\/\/www.oparanews.com.br\/wp-content\/uploads\/2022\/09\/dicionario-musical-isaac-newton-barros-leite-3-225x300.jpeg 225w, https:\/\/www.oparanews.com.br\/wp-content\/uploads\/2022\/09\/dicionario-musical-isaac-newton-barros-leite-3.jpeg 768w\" sizes=\"auto, (max-width: 225px) 100vw, 225px\" \/><\/a><\/p>\n<p>Em 1908, um ano ap\u00f3s o falecimento de Isaac Newton de Barros Leite, a segunda edi\u00e7\u00e3o do Dicion\u00e1rio Musical foi lan\u00e7ada no Rio de Janeiro por iniciativa de Jacintho Ribeiro Santos, um dos pioneiros em editora gr\u00e1fica e livraria no Brasil.<\/p>\n<p>&nbsp;<\/p>\n<p>\u201cN\u00f3s vamos relan\u00e7ar essa edi\u00e7\u00e3o de 1908, obra que faz parte da s\u00e9rie de livros que ser\u00e3o lan\u00e7ados durante o Festival de M\u00fasica de Penedo\u201d, informa Marcos Moreira sobre um dos pontos do evento que acontece entre os dias 19 e 22 de outubro.<\/p>\n<p>&nbsp;<\/p>\n<p><strong>Selo Cemupe<\/strong><\/p>\n<p>&nbsp;<\/p>\n<p>Al\u00e9m do Dicion\u00e1rio Musical, o Cemupe vai lan\u00e7ar Quilombo Lunga: as comunidades quilombolas do Lunga aos Bangas em Alagoas, do pesquisador Luiz Almeida.<\/p>\n<p>&nbsp;<\/p>\n<p><a href=\"http:\/\/www.oparanews.com.br\/wp-content\/uploads\/2022\/09\/dobrados-japiassu-livro.jpg\"><img loading=\"lazy\" decoding=\"async\" class=\"alignleft size-medium wp-image-25031\" src=\"http:\/\/www.oparanews.com.br\/wp-content\/uploads\/2022\/09\/dobrados-japiassu-livro-240x300.jpg\" alt=\"\" width=\"240\" height=\"300\" srcset=\"https:\/\/www.oparanews.com.br\/wp-content\/uploads\/2022\/09\/dobrados-japiassu-livro-240x300.jpg 240w, https:\/\/www.oparanews.com.br\/wp-content\/uploads\/2022\/09\/dobrados-japiassu-livro.jpg 480w\" sizes=\"auto, (max-width: 240px) 100vw, 240px\" \/><\/a>O volume 2 da pesquisa Os Dobrados de Japiass\u00fa (estudos sobre a obra do maestro Aquino Costa Japiass\u00fa, pioneiro na inclus\u00e3o de mulheres em bandas filarm\u00f4nicas) tamb\u00e9m chega ao p\u00fablico, trabalho assinado por Marcos Moreira e Jo\u00e3o Paulo Lima da Cruz.<\/p>\n<p>&nbsp;<\/p>\n<p>A publica\u00e7\u00e3o do \u00c1lbum de Armia \u00e9 outra obra do Selo Cepume lan\u00e7ada em Penedo, obra do cantor, tenor e professor da Universidade Nova de Lisboa, Alberto Pacheco.<\/p>\n<p>&nbsp;<\/p>\n<p>Harmonia para guitarras: um caminho pedag\u00f3gico musical, de Ricardo Lopes, tamb\u00e9m ser\u00e1 apresentado durante o festival que est\u00e1 com inscri\u00e7\u00e3o aberta para monitoria. <a href=\"https:\/\/ufal.br\/estudante\/noticias\/2022\/9\/festival-de-musica-de-penedo-abre-inscricoes-para-monitoria-voluntaria\/view\"><strong>Para se inscrever, clique neste link<\/strong><\/a><\/p>\n<p>&nbsp;<\/p>\n<p>O Festival de M\u00fasica de Penedo \u00e9 realizado pela Universidade Federal de Alagoas, atrav\u00e9s do Cemupe, junto com os governos estadual e municipal e patroc\u00ednio do Sebrae.<\/p>\n<p><a href=\"http:\/\/www.oparanews.com.br\/wp-content\/uploads\/2022\/09\/festival-musica-penedo-696x463-1.jpg\"><img loading=\"lazy\" decoding=\"async\" class=\"aligncenter size-full wp-image-25032\" src=\"http:\/\/www.oparanews.com.br\/wp-content\/uploads\/2022\/09\/festival-musica-penedo-696x463-1.jpg\" alt=\"\" width=\"696\" height=\"463\" srcset=\"https:\/\/www.oparanews.com.br\/wp-content\/uploads\/2022\/09\/festival-musica-penedo-696x463-1.jpg 696w, https:\/\/www.oparanews.com.br\/wp-content\/uploads\/2022\/09\/festival-musica-penedo-696x463-1-300x200.jpg 300w\" sizes=\"auto, (max-width: 696px) 100vw, 696px\" \/><\/a><\/p>\n<p>O evento tem ainda a parceria do Laborat\u00f3rio de Musicologia (Lamus), do Centro de Estudos de Sociologia e Est\u00e9tica Musical (Cesem), da Confedera\u00e7\u00e3o Musical Portuguesa, da Arizon State University, da Miami University, da Republica Portuguesa, do Bureau de Comunica\u00e7\u00e3o Comunit\u00e1ria e Keka Rabelo Comunica\u00e7\u00e3o.<\/p>\n<p>&nbsp;<\/p>\n<p><a href=\"https:\/\/www.cemupemusicologia.com\/festivaldemusicadepenedo\"><strong>Para saber mais sobre o Festival de M\u00fasica de Penedo, clique aqui.<\/strong><\/a><\/p>\n<p>&nbsp;<\/p>\n<p>&nbsp;<\/p>\n<p><strong>por Fernando Vin\u00edcius \u2013 Secom PMP<\/strong><\/p>\n<p>&nbsp;<\/p>\n","protected":false},"excerpt":{"rendered":"<p>Uma rel\u00edquia preservada no acervo da Funda\u00e7\u00e3o Casa do Penedo chega ao p\u00fablico em geral no pr\u00f3ximo m\u00eas de outubro, quando o Dicion\u00e1rio Musical do pesquisador penedense Isaac Newton de Barros Leite ser\u00e1 relan\u00e7ado. &nbsp; O livro \u201c\u00e9 uma das primeiras obras da teoria musical do Nordeste\u201d, explica Marcos Moreira, professor e coordenador do Festival &hellip;<\/p>\n","protected":false},"author":2,"featured_media":25029,"comment_status":"open","ping_status":"open","sticky":false,"template":"","format":"standard","meta":{"_jetpack_memberships_contains_paid_content":false,"footnotes":""},"categories":[1,3],"tags":[],"class_list":["post-25028","post","type-post","status-publish","format-standard","has-post-thumbnail","hentry","category-destaque","category-penedo"],"jetpack_featured_media_url":"https:\/\/www.oparanews.com.br\/wp-content\/uploads\/2022\/09\/dicionario-musical-isaac-newton.jpg","jetpack_sharing_enabled":true,"_links":{"self":[{"href":"https:\/\/www.oparanews.com.br\/index.php\/wp-json\/wp\/v2\/posts\/25028","targetHints":{"allow":["GET"]}}],"collection":[{"href":"https:\/\/www.oparanews.com.br\/index.php\/wp-json\/wp\/v2\/posts"}],"about":[{"href":"https:\/\/www.oparanews.com.br\/index.php\/wp-json\/wp\/v2\/types\/post"}],"author":[{"embeddable":true,"href":"https:\/\/www.oparanews.com.br\/index.php\/wp-json\/wp\/v2\/users\/2"}],"replies":[{"embeddable":true,"href":"https:\/\/www.oparanews.com.br\/index.php\/wp-json\/wp\/v2\/comments?post=25028"}],"version-history":[{"count":1,"href":"https:\/\/www.oparanews.com.br\/index.php\/wp-json\/wp\/v2\/posts\/25028\/revisions"}],"predecessor-version":[{"id":25033,"href":"https:\/\/www.oparanews.com.br\/index.php\/wp-json\/wp\/v2\/posts\/25028\/revisions\/25033"}],"wp:featuredmedia":[{"embeddable":true,"href":"https:\/\/www.oparanews.com.br\/index.php\/wp-json\/wp\/v2\/media\/25029"}],"wp:attachment":[{"href":"https:\/\/www.oparanews.com.br\/index.php\/wp-json\/wp\/v2\/media?parent=25028"}],"wp:term":[{"taxonomy":"category","embeddable":true,"href":"https:\/\/www.oparanews.com.br\/index.php\/wp-json\/wp\/v2\/categories?post=25028"},{"taxonomy":"post_tag","embeddable":true,"href":"https:\/\/www.oparanews.com.br\/index.php\/wp-json\/wp\/v2\/tags?post=25028"}],"curies":[{"name":"wp","href":"https:\/\/api.w.org\/{rel}","templated":true}]}}