{"id":25043,"date":"2022-09-14T11:04:47","date_gmt":"2022-09-14T14:04:47","guid":{"rendered":"https:\/\/www.oparanews.com.br\/?p=25043"},"modified":"2022-09-14T11:04:47","modified_gmt":"2022-09-14T14:04:47","slug":"centro-historico-de-penedo-vai-ganhar-complexo-gastronomico-cultural-e-artistico","status":"publish","type":"post","link":"https:\/\/www.oparanews.com.br\/index.php\/2022\/09\/14\/centro-historico-de-penedo-vai-ganhar-complexo-gastronomico-cultural-e-artistico\/","title":{"rendered":"Centro Hist\u00f3rico de Penedo vai ganhar complexo gastron\u00f4mico, cultural e art\u00edstico"},"content":{"rendered":"<p>O Centro Hist\u00f3rico de Penedo vai ganhar mais um novo espa\u00e7o de cultura e lazer. \u00c9 a Vila D\u00e3o P\u00eadu, um complexo gastron\u00f4mico e art\u00edstico que abre as portas para penedenses e turistas, trazendo divers\u00e3o e alegria com sabores regionais.<\/p>\n<p>&nbsp;<\/p>\n<p>O ponto de encontro instalado em um antigo galp\u00e3o comercial est\u00e1 localizado na Pra\u00e7a 12 de Abril, \u00e0s margens do Rio S\u00e3o Francisco, e ser\u00e1 inaugurado na pr\u00f3xima sexta, dia 16, \u00e0s 17 horas.<\/p>\n<p>&nbsp;<\/p>\n<p>En sua primeira data oficial, a Vila D\u00e3o P\u00eadu ter\u00e1 forr\u00f3 p\u00e9 de serra, apresenta\u00e7\u00e3o teatral, interven\u00e7\u00e3o visual, exposi\u00e7\u00e3o da artista arapiraquense e conhecida nacionalmente Savana.<\/p>\n<p>&nbsp;<\/p>\n<p>Para beber e comer, as op\u00e7\u00f5es est\u00e3o no card\u00e1pio dos empreendimentos A Carro\u00e7a, D\u00e3o Sucr\u00e9, Fritey e Silva\u2019s Brasa, todas com atua\u00e7\u00e3o permanente no local.<\/p>\n<p><a href=\"http:\/\/www.oparanews.com.br\/wp-content\/uploads\/2022\/09\/vila-dao-pedu-divulgacao-3-e1663162764529-696x773-1.jpeg\"><img loading=\"lazy\" decoding=\"async\" class=\"aligncenter size-full wp-image-25045\" src=\"http:\/\/www.oparanews.com.br\/wp-content\/uploads\/2022\/09\/vila-dao-pedu-divulgacao-3-e1663162764529-696x773-1.jpeg\" alt=\"\" width=\"696\" height=\"773\" srcset=\"https:\/\/www.oparanews.com.br\/wp-content\/uploads\/2022\/09\/vila-dao-pedu-divulgacao-3-e1663162764529-696x773-1.jpeg 696w, https:\/\/www.oparanews.com.br\/wp-content\/uploads\/2022\/09\/vila-dao-pedu-divulgacao-3-e1663162764529-696x773-1-270x300.jpeg 270w\" sizes=\"auto, (max-width: 696px) 100vw, 696px\" \/><\/a><\/p>\n<p>Para Jair Galv\u00e3o, Secret\u00e1rio de Turismo de Penedo, o mais novo estabelecimento vai contribuir muito com a visita\u00e7\u00e3o noturna no Centro Hist\u00f3rico.<\/p>\n<p>&nbsp;<\/p>\n<p>\u201cSomando a ilumina\u00e7\u00e3o c\u00eanica dos pr\u00e9dios e monumentos, a Vila D\u00e3o P\u00eadu vai trazer mais vida para as noites do nosso Centro Hist\u00f3rico. Tanto os penedendes quanto os turistas v\u00e3o ter mais uma op\u00e7\u00e3o de lazer\u201d, explica o gestor da Setur Penedo.<\/p>\n<p>&nbsp;<\/p>\n<p>\u201cSou filho de Penedo e sempre desejei abrir uma filial da A Carro\u00e7a na cidade. Depois de um bom tempo procurando um local, encontrei. A expectativa \u00e9 atender turistas e penedenses, proporcionando aos dois p\u00fablicos comida de qualidade e o melhor da cultura e arte popular do nosso Estado\u201d, afirma Rodolfo Cavalcante, propriet\u00e1rio da Vila D\u00e3o P\u00eadu.<\/p>\n<p>&nbsp;<\/p>\n<p><strong>Por que \u2018Vila D\u00e3o P\u00eadu\u2019?<\/strong><\/p>\n<p>&nbsp;<\/p>\n<p>Rodolfo Cavalcante, assim como a maioria dos penedenses, t\u00eam paix\u00e3o pela hist\u00f3ria de Penedo. \u201cD\u00e3o P\u00eadu\u201d \u00e9 a forma como muitas pessoas se referem ao Dom Pedro, e como o intuito do espa\u00e7o \u00e9 contar a hist\u00f3ria da cidade, nada melhor do que fazer uma homenagem ao imperador, que visitou Penedo em sua expedi\u00e7\u00e3o at\u00e9 as cachoeiras de Paulo Afonso.<\/p>\n<p>&nbsp;<\/p>\n<p>A Vila D\u00e3o P\u00eadu funcionar\u00e1 de ter\u00e7a a quinta-feira, das 17h \u00e0s 23h, e de sexta a domingo, das 16h \u00e0s 00h, com atra\u00e7\u00f5es diferentes a cada semana.<\/p>\n<p><a href=\"http:\/\/www.oparanews.com.br\/wp-content\/uploads\/2022\/09\/vila-dao-pedu-divulgacao-1-696x871-1.jpeg\"><img loading=\"lazy\" decoding=\"async\" class=\"aligncenter size-full wp-image-25046\" src=\"http:\/\/www.oparanews.com.br\/wp-content\/uploads\/2022\/09\/vila-dao-pedu-divulgacao-1-696x871-1.jpeg\" alt=\"\" width=\"696\" height=\"871\" srcset=\"https:\/\/www.oparanews.com.br\/wp-content\/uploads\/2022\/09\/vila-dao-pedu-divulgacao-1-696x871-1.jpeg 696w, https:\/\/www.oparanews.com.br\/wp-content\/uploads\/2022\/09\/vila-dao-pedu-divulgacao-1-696x871-1-240x300.jpeg 240w\" sizes=\"auto, (max-width: 696px) 100vw, 696px\" \/><\/a><\/p>\n<p>&nbsp;<\/p>\n<p>&nbsp;<\/p>\n<p><strong>por Thaciana Lima \u2013 social media Setur Penedo<\/strong><\/p>\n<p>&nbsp;<\/p>\n","protected":false},"excerpt":{"rendered":"<p>O Centro Hist\u00f3rico de Penedo vai ganhar mais um novo espa\u00e7o de cultura e lazer. \u00c9 a Vila D\u00e3o P\u00eadu, um complexo gastron\u00f4mico e art\u00edstico que abre as portas para penedenses e turistas, trazendo divers\u00e3o e alegria com sabores regionais. &nbsp; O ponto de encontro instalado em um antigo galp\u00e3o comercial est\u00e1 localizado na Pra\u00e7a &hellip;<\/p>\n","protected":false},"author":2,"featured_media":25044,"comment_status":"open","ping_status":"open","sticky":false,"template":"","format":"standard","meta":{"_jetpack_memberships_contains_paid_content":false,"footnotes":""},"categories":[1,3],"tags":[],"class_list":["post-25043","post","type-post","status-publish","format-standard","has-post-thumbnail","hentry","category-destaque","category-penedo"],"jetpack_featured_media_url":"https:\/\/www.oparanews.com.br\/wp-content\/uploads\/2022\/09\/vila-dao-pedu-divulgacao-2.jpeg","jetpack_sharing_enabled":true,"_links":{"self":[{"href":"https:\/\/www.oparanews.com.br\/index.php\/wp-json\/wp\/v2\/posts\/25043","targetHints":{"allow":["GET"]}}],"collection":[{"href":"https:\/\/www.oparanews.com.br\/index.php\/wp-json\/wp\/v2\/posts"}],"about":[{"href":"https:\/\/www.oparanews.com.br\/index.php\/wp-json\/wp\/v2\/types\/post"}],"author":[{"embeddable":true,"href":"https:\/\/www.oparanews.com.br\/index.php\/wp-json\/wp\/v2\/users\/2"}],"replies":[{"embeddable":true,"href":"https:\/\/www.oparanews.com.br\/index.php\/wp-json\/wp\/v2\/comments?post=25043"}],"version-history":[{"count":1,"href":"https:\/\/www.oparanews.com.br\/index.php\/wp-json\/wp\/v2\/posts\/25043\/revisions"}],"predecessor-version":[{"id":25047,"href":"https:\/\/www.oparanews.com.br\/index.php\/wp-json\/wp\/v2\/posts\/25043\/revisions\/25047"}],"wp:featuredmedia":[{"embeddable":true,"href":"https:\/\/www.oparanews.com.br\/index.php\/wp-json\/wp\/v2\/media\/25044"}],"wp:attachment":[{"href":"https:\/\/www.oparanews.com.br\/index.php\/wp-json\/wp\/v2\/media?parent=25043"}],"wp:term":[{"taxonomy":"category","embeddable":true,"href":"https:\/\/www.oparanews.com.br\/index.php\/wp-json\/wp\/v2\/categories?post=25043"},{"taxonomy":"post_tag","embeddable":true,"href":"https:\/\/www.oparanews.com.br\/index.php\/wp-json\/wp\/v2\/tags?post=25043"}],"curies":[{"name":"wp","href":"https:\/\/api.w.org\/{rel}","templated":true}]}}