{"id":25063,"date":"2022-09-15T11:51:32","date_gmt":"2022-09-15T14:51:32","guid":{"rendered":"https:\/\/www.oparanews.com.br\/?p=25063"},"modified":"2022-09-15T11:51:32","modified_gmt":"2022-09-15T14:51:32","slug":"secretaria-de-cultura-de-penedo-lanca-festival-velho-chico-com-musica-na-rua","status":"publish","type":"post","link":"https:\/\/www.oparanews.com.br\/index.php\/2022\/09\/15\/secretaria-de-cultura-de-penedo-lanca-festival-velho-chico-com-musica-na-rua\/","title":{"rendered":"Secretaria de Cultura de Penedo lan\u00e7a Festival Velho Chico com M\u00fasica Na Rua"},"content":{"rendered":"<p>Os eventos realizados pela Prefeitura de Penedo ganham novos atrativos a partir deste final de semana, quando a Secretaria Municipal de Cultura, Lazer e Juventude (SEMCLEJ) lan\u00e7a o Festival Velho Chico.<\/p>\n<p>&nbsp;<\/p>\n<p><a href=\"http:\/\/www.oparanews.com.br\/wp-content\/uploads\/2022\/09\/card-musica-na-rua.jpg\"><img loading=\"lazy\" decoding=\"async\" class=\"alignleft size-medium wp-image-25066\" src=\"http:\/\/www.oparanews.com.br\/wp-content\/uploads\/2022\/09\/card-musica-na-rua-300x300.jpg\" alt=\"\" width=\"300\" height=\"300\" srcset=\"https:\/\/www.oparanews.com.br\/wp-content\/uploads\/2022\/09\/card-musica-na-rua-300x300.jpg 300w, https:\/\/www.oparanews.com.br\/wp-content\/uploads\/2022\/09\/card-musica-na-rua-1024x1024.jpg 1024w, https:\/\/www.oparanews.com.br\/wp-content\/uploads\/2022\/09\/card-musica-na-rua-150x150.jpg 150w, https:\/\/www.oparanews.com.br\/wp-content\/uploads\/2022\/09\/card-musica-na-rua-768x768.jpg 768w, https:\/\/www.oparanews.com.br\/wp-content\/uploads\/2022\/09\/card-musica-na-rua.jpg 1279w\" sizes=\"auto, (max-width: 300px) 100vw, 300px\" \/><\/a>O projeto que tem formato itinerante come\u00e7a com M\u00fasica Na Rua, apresenta\u00e7\u00f5es culturais e shows abertos ao p\u00fablico na Pra\u00e7a 12 de Abril a partir das 16 horas de sexta-feira, 16.<\/p>\n<p>&nbsp;<\/p>\n<p>Na data que comemora a emancipa\u00e7\u00e3o pol\u00edtica de Alagoas, o grupo de capoeira Mandigueiros abre a programa\u00e7\u00e3o. Em seguida, a trupe teatral Coletivo Margeia e Cia Flor do Sert\u00e3o apresentam o espet\u00e1culo Conta Chico.<\/p>\n<p>&nbsp;<\/p>\n<p>Maxylene Cruz e Tarlles Rosa Negra sobem ao palco instalado pela SEMCLEJ, onde Deyvid Alisson e Grupo Nosso Jeito se apresentam na noite de s\u00e1bado, 17, depois do show da quadrilha junina Remelexo com a produ\u00e7\u00e3o O Espet\u00e1culo Continua.<\/p>\n<p>&nbsp;<\/p>\n<p>\u201cO objetivo do projeto \u00e9 ser cont\u00ednuo, valorizando os artistas de Penedo no festival que ser\u00e1 realizado nos finais de semana, em diferentes locais da cidade, e durante os eventos do nosso calend\u00e1rio anual\u201d, informa Aliny Costa, Secret\u00e1ria de Cultura de Penedo.<\/p>\n<p><a href=\"http:\/\/www.oparanews.com.br\/wp-content\/uploads\/2022\/09\/festival-coros-penedo-luz-2021-foto-deywisson-duarte-decom-24-696x464-1.jpeg\"><img loading=\"lazy\" decoding=\"async\" class=\"aligncenter size-full wp-image-25064\" src=\"http:\/\/www.oparanews.com.br\/wp-content\/uploads\/2022\/09\/festival-coros-penedo-luz-2021-foto-deywisson-duarte-decom-24-696x464-1.jpeg\" alt=\"\" width=\"696\" height=\"464\" srcset=\"https:\/\/www.oparanews.com.br\/wp-content\/uploads\/2022\/09\/festival-coros-penedo-luz-2021-foto-deywisson-duarte-decom-24-696x464-1.jpeg 696w, https:\/\/www.oparanews.com.br\/wp-content\/uploads\/2022\/09\/festival-coros-penedo-luz-2021-foto-deywisson-duarte-decom-24-696x464-1-300x200.jpeg 300w\" sizes=\"auto, (max-width: 696px) 100vw, 696px\" \/><\/a><\/p>\n<p>Entre os atrativos que promovem lazer gratuito para a popula\u00e7\u00e3o e aquecem a economia do munic\u00edpio, a gestora da SEMCLEJ cita o Festival de M\u00fasica de Penedo, Samba Ver\u00e3o, Circuito Penedo de Cinema , Dia do Evang\u00e9lico e Penedo Luz, calend\u00e1rio que agora inclui o Festival Velho Chico em sua programa\u00e7\u00e3o.<\/p>\n<p>&nbsp;<\/p>\n<p>&nbsp;<\/p>\n<p>&nbsp;<\/p>\n<p><strong>por Fernando Vin\u00edcius \u2013 Secom PMP<\/strong><\/p>\n<p>&nbsp;<\/p>\n","protected":false},"excerpt":{"rendered":"<p>Os eventos realizados pela Prefeitura de Penedo ganham novos atrativos a partir deste final de semana, quando a Secretaria Municipal de Cultura, Lazer e Juventude (SEMCLEJ) lan\u00e7a o Festival Velho Chico. &nbsp; O projeto que tem formato itinerante come\u00e7a com M\u00fasica Na Rua, apresenta\u00e7\u00f5es culturais e shows abertos ao p\u00fablico na Pra\u00e7a 12 de Abril &hellip;<\/p>\n","protected":false},"author":2,"featured_media":25065,"comment_status":"open","ping_status":"open","sticky":false,"template":"","format":"standard","meta":{"_jetpack_memberships_contains_paid_content":false,"footnotes":""},"categories":[1,3],"tags":[],"class_list":["post-25063","post","type-post","status-publish","format-standard","has-post-thumbnail","hentry","category-destaque","category-penedo"],"jetpack_featured_media_url":"https:\/\/www.oparanews.com.br\/wp-content\/uploads\/2022\/09\/bom-jesus-penedo-foto-antonio-fon-decom-pmp-14-696x464-1.jpg","jetpack_sharing_enabled":true,"_links":{"self":[{"href":"https:\/\/www.oparanews.com.br\/index.php\/wp-json\/wp\/v2\/posts\/25063","targetHints":{"allow":["GET"]}}],"collection":[{"href":"https:\/\/www.oparanews.com.br\/index.php\/wp-json\/wp\/v2\/posts"}],"about":[{"href":"https:\/\/www.oparanews.com.br\/index.php\/wp-json\/wp\/v2\/types\/post"}],"author":[{"embeddable":true,"href":"https:\/\/www.oparanews.com.br\/index.php\/wp-json\/wp\/v2\/users\/2"}],"replies":[{"embeddable":true,"href":"https:\/\/www.oparanews.com.br\/index.php\/wp-json\/wp\/v2\/comments?post=25063"}],"version-history":[{"count":1,"href":"https:\/\/www.oparanews.com.br\/index.php\/wp-json\/wp\/v2\/posts\/25063\/revisions"}],"predecessor-version":[{"id":25067,"href":"https:\/\/www.oparanews.com.br\/index.php\/wp-json\/wp\/v2\/posts\/25063\/revisions\/25067"}],"wp:featuredmedia":[{"embeddable":true,"href":"https:\/\/www.oparanews.com.br\/index.php\/wp-json\/wp\/v2\/media\/25065"}],"wp:attachment":[{"href":"https:\/\/www.oparanews.com.br\/index.php\/wp-json\/wp\/v2\/media?parent=25063"}],"wp:term":[{"taxonomy":"category","embeddable":true,"href":"https:\/\/www.oparanews.com.br\/index.php\/wp-json\/wp\/v2\/categories?post=25063"},{"taxonomy":"post_tag","embeddable":true,"href":"https:\/\/www.oparanews.com.br\/index.php\/wp-json\/wp\/v2\/tags?post=25063"}],"curies":[{"name":"wp","href":"https:\/\/api.w.org\/{rel}","templated":true}]}}