{"id":25077,"date":"2022-09-16T13:04:43","date_gmt":"2022-09-16T16:04:43","guid":{"rendered":"https:\/\/www.oparanews.com.br\/?p=25077"},"modified":"2022-09-16T13:04:43","modified_gmt":"2022-09-16T16:04:43","slug":"vereador-bili-marques-destaca-transmissao-ao-vivo-do-desfile-civico-pela-prefeitura-de-penedo","status":"publish","type":"post","link":"https:\/\/www.oparanews.com.br\/index.php\/2022\/09\/16\/vereador-bili-marques-destaca-transmissao-ao-vivo-do-desfile-civico-pela-prefeitura-de-penedo\/","title":{"rendered":"Vereador Bili Marques destaca transmiss\u00e3o ao vivo do desfile c\u00edvico pela Prefeitura de Penedo"},"content":{"rendered":"<p>A Prefeitura de Penedo transmitiu por meio da internet e em tempo real o desfile de 7 de setembro, cobertura in\u00e9dita destacada pelo Vereador Bili Marques em seu discurso na sess\u00e3o realizada um dia ap\u00f3s a festa c\u00edvica.<\/p>\n<p>&nbsp;<\/p>\n<p>O parlamentar citou que recebeu mensagens de parentes e amigos, principalmente pessoas que est\u00e3o residindo em outras cidades, tamb\u00e9m elogiando o trabalho realizado por meio da Secretaria Municipal de Comunica\u00e7\u00e3o.<\/p>\n<p>&nbsp;<\/p>\n<p>A iniciativa mereceu ainda o reconhecimento por parte da imprensa, assim como o resgate das tradi\u00e7\u00f5es da celebra\u00e7\u00e3o que em 2022 comemorou o bicenten\u00e1rio da independ\u00eancia do Brasil, marco hist\u00f3rico ignorado pelo presidente brasileiro, conforme pontuou o edil.<\/p>\n<p>&nbsp;<\/p>\n<p>Na forma de requerimento, Bili Marques pede relat\u00f3rio t\u00e9cnico sobre a Secretaria Municipal de A\u00e7\u00f5es Estrat\u00e9gicas Governamentais (SEMAG), setor instalado em Macei\u00f3 desde a gest\u00e3o do ex-prefeito Israel Saldanha para assessorar e elaborar projetos.<\/p>\n<p>&nbsp;<\/p>\n<p>O expediente decorrente de cobran\u00e7a apresentada no plen\u00e1rio tem inclus\u00e3o de anexar a licen\u00e7a maternidade da gestora da pasta Marcela Ressurrei\u00e7\u00e3o, com adendo das portarias solicitadas pelo vereador Valdinho Monteiro.<\/p>\n<p>&nbsp;<\/p>\n<p>&nbsp;<\/p>\n<p>&nbsp;<\/p>\n<p><strong>por Ascom CMP<\/strong><\/p>\n<p>&nbsp;<\/p>\n","protected":false},"excerpt":{"rendered":"<p>A Prefeitura de Penedo transmitiu por meio da internet e em tempo real o desfile de 7 de setembro, cobertura in\u00e9dita destacada pelo Vereador Bili Marques em seu discurso na sess\u00e3o realizada um dia ap\u00f3s a festa c\u00edvica. &nbsp; O parlamentar citou que recebeu mensagens de parentes e amigos, principalmente pessoas que est\u00e3o residindo em &hellip;<\/p>\n","protected":false},"author":2,"featured_media":25078,"comment_status":"open","ping_status":"open","sticky":false,"template":"","format":"standard","meta":{"_jetpack_memberships_contains_paid_content":false,"footnotes":""},"categories":[4,3],"tags":[],"class_list":["post-25077","post","type-post","status-publish","format-standard","has-post-thumbnail","hentry","category-alagoas","category-penedo"],"jetpack_featured_media_url":"https:\/\/www.oparanews.com.br\/wp-content\/uploads\/2022\/09\/billi-marques.png","jetpack_sharing_enabled":true,"_links":{"self":[{"href":"https:\/\/www.oparanews.com.br\/index.php\/wp-json\/wp\/v2\/posts\/25077","targetHints":{"allow":["GET"]}}],"collection":[{"href":"https:\/\/www.oparanews.com.br\/index.php\/wp-json\/wp\/v2\/posts"}],"about":[{"href":"https:\/\/www.oparanews.com.br\/index.php\/wp-json\/wp\/v2\/types\/post"}],"author":[{"embeddable":true,"href":"https:\/\/www.oparanews.com.br\/index.php\/wp-json\/wp\/v2\/users\/2"}],"replies":[{"embeddable":true,"href":"https:\/\/www.oparanews.com.br\/index.php\/wp-json\/wp\/v2\/comments?post=25077"}],"version-history":[{"count":1,"href":"https:\/\/www.oparanews.com.br\/index.php\/wp-json\/wp\/v2\/posts\/25077\/revisions"}],"predecessor-version":[{"id":25079,"href":"https:\/\/www.oparanews.com.br\/index.php\/wp-json\/wp\/v2\/posts\/25077\/revisions\/25079"}],"wp:featuredmedia":[{"embeddable":true,"href":"https:\/\/www.oparanews.com.br\/index.php\/wp-json\/wp\/v2\/media\/25078"}],"wp:attachment":[{"href":"https:\/\/www.oparanews.com.br\/index.php\/wp-json\/wp\/v2\/media?parent=25077"}],"wp:term":[{"taxonomy":"category","embeddable":true,"href":"https:\/\/www.oparanews.com.br\/index.php\/wp-json\/wp\/v2\/categories?post=25077"},{"taxonomy":"post_tag","embeddable":true,"href":"https:\/\/www.oparanews.com.br\/index.php\/wp-json\/wp\/v2\/tags?post=25077"}],"curies":[{"name":"wp","href":"https:\/\/api.w.org\/{rel}","templated":true}]}}