{"id":25080,"date":"2022-09-16T13:07:03","date_gmt":"2022-09-16T16:07:03","guid":{"rendered":"https:\/\/www.oparanews.com.br\/?p=25080"},"modified":"2022-09-16T13:07:03","modified_gmt":"2022-09-16T16:07:03","slug":"vereador-rodrigo-regueira-solicita-retomada-da-obra-do-posto-de-saude-do-conjunto-vale-do-marituba","status":"publish","type":"post","link":"https:\/\/www.oparanews.com.br\/index.php\/2022\/09\/16\/vereador-rodrigo-regueira-solicita-retomada-da-obra-do-posto-de-saude-do-conjunto-vale-do-marituba\/","title":{"rendered":"Vereador Rodrigo Regueira solicita retomada da obra do posto de sa\u00fade do Conjunto Vale do Marituba"},"content":{"rendered":"<p>O Vereador Rodrigo Regueira requer provid\u00eancias do poder p\u00fablico municipal em rela\u00e7\u00e3o ao posto de sa\u00fade que est\u00e1 sendo constru\u00eddo no residencial Vale do Marituba, investimento ainda n\u00e3o conclu\u00eddo.<\/p>\n<p>&nbsp;<\/p>\n<p>O expediente apresentado na sess\u00e3o realizada em 08 de setembro acrescenta ainda a sobrecarga do trabalho sobre a unidade de sa\u00fade que atende toda a demanda das comunidades localizadas no bairro Raimundo Marinho.<\/p>\n<p>&nbsp;<\/p>\n<p>\u201cN\u00f3s fomos procurados por moradores do Vale do Marituba e dos demais conjuntos habitacionais daquela regi\u00e3o que est\u00e3o sendo prejudicados pela paralisa\u00e7\u00e3o da obra\u201d, explicou Rodrigo Regueira sobre o pleito aprovado por unanimidade de votos.<\/p>\n<p>&nbsp;<\/p>\n<p>O parlamentar acrescentou ainda que est\u00e1 ocorrendo furto do material j\u00e1 instalado no posto de sa\u00fade que ir\u00e1 melhorar a assist\u00eancia \u00e0 popula\u00e7\u00e3o e externou seus votos de melhora ao colega parlamentar Sargento Marival, frisando as ora\u00e7\u00f5es direcionadas \u00e0 sa\u00fade do vereador submetido a procedimento cir\u00fargico.<\/p>\n<p>&nbsp;<\/p>\n<p>&nbsp;<\/p>\n<p>&nbsp;<\/p>\n<p><strong>por Ascom CMP<\/strong><\/p>\n<p>&nbsp;<\/p>\n","protected":false},"excerpt":{"rendered":"<p>O Vereador Rodrigo Regueira requer provid\u00eancias do poder p\u00fablico municipal em rela\u00e7\u00e3o ao posto de sa\u00fade que est\u00e1 sendo constru\u00eddo no residencial Vale do Marituba, investimento ainda n\u00e3o conclu\u00eddo. &nbsp; O expediente apresentado na sess\u00e3o realizada em 08 de setembro acrescenta ainda a sobrecarga do trabalho sobre a unidade de sa\u00fade que atende toda a &hellip;<\/p>\n","protected":false},"author":2,"featured_media":25081,"comment_status":"open","ping_status":"open","sticky":false,"template":"","format":"standard","meta":{"_jetpack_memberships_contains_paid_content":false,"footnotes":""},"categories":[4,3],"tags":[],"class_list":["post-25080","post","type-post","status-publish","format-standard","has-post-thumbnail","hentry","category-alagoas","category-penedo"],"jetpack_featured_media_url":"https:\/\/www.oparanews.com.br\/wp-content\/uploads\/2022\/09\/rodrigo-regueira.png","jetpack_sharing_enabled":true,"_links":{"self":[{"href":"https:\/\/www.oparanews.com.br\/index.php\/wp-json\/wp\/v2\/posts\/25080","targetHints":{"allow":["GET"]}}],"collection":[{"href":"https:\/\/www.oparanews.com.br\/index.php\/wp-json\/wp\/v2\/posts"}],"about":[{"href":"https:\/\/www.oparanews.com.br\/index.php\/wp-json\/wp\/v2\/types\/post"}],"author":[{"embeddable":true,"href":"https:\/\/www.oparanews.com.br\/index.php\/wp-json\/wp\/v2\/users\/2"}],"replies":[{"embeddable":true,"href":"https:\/\/www.oparanews.com.br\/index.php\/wp-json\/wp\/v2\/comments?post=25080"}],"version-history":[{"count":1,"href":"https:\/\/www.oparanews.com.br\/index.php\/wp-json\/wp\/v2\/posts\/25080\/revisions"}],"predecessor-version":[{"id":25082,"href":"https:\/\/www.oparanews.com.br\/index.php\/wp-json\/wp\/v2\/posts\/25080\/revisions\/25082"}],"wp:featuredmedia":[{"embeddable":true,"href":"https:\/\/www.oparanews.com.br\/index.php\/wp-json\/wp\/v2\/media\/25081"}],"wp:attachment":[{"href":"https:\/\/www.oparanews.com.br\/index.php\/wp-json\/wp\/v2\/media?parent=25080"}],"wp:term":[{"taxonomy":"category","embeddable":true,"href":"https:\/\/www.oparanews.com.br\/index.php\/wp-json\/wp\/v2\/categories?post=25080"},{"taxonomy":"post_tag","embeddable":true,"href":"https:\/\/www.oparanews.com.br\/index.php\/wp-json\/wp\/v2\/tags?post=25080"}],"curies":[{"name":"wp","href":"https:\/\/api.w.org\/{rel}","templated":true}]}}