{"id":25086,"date":"2022-09-16T13:11:46","date_gmt":"2022-09-16T16:11:46","guid":{"rendered":"https:\/\/www.oparanews.com.br\/?p=25086"},"modified":"2022-09-16T13:11:46","modified_gmt":"2022-09-16T16:11:46","slug":"prefeitura-de-penedo-e-agencia-desenvolve-assinam-convenio","status":"publish","type":"post","link":"https:\/\/www.oparanews.com.br\/index.php\/2022\/09\/16\/prefeitura-de-penedo-e-agencia-desenvolve-assinam-convenio\/","title":{"rendered":"Prefeitura de Penedo e Ag\u00eancia Desenvolve assinam conv\u00eanio"},"content":{"rendered":"<p>A Prefeitura de Penedo e a Ag\u00eancia de Fomento de Alagoas (Desenvolve) assinaram um conv\u00eanio para facilitar o acesso ao setor vinculado \u00e0 Secretaria de Estado de Desenvolvimento Econ\u00f4mico e Turismo (Sedetur).<\/p>\n<p>&nbsp;<\/p>\n<p>O ato oficializado durante o Semin\u00e1rio Cidades Empreendedoras \u2013 Penedo, viabiliza atendimento presencial e orienta\u00e7\u00e3o da Ag\u00eancia Desenvolve na Sala do Empreendedor, instalada na Secretaria Municipal de Desenvolvimento Econ\u00f4mico, Com\u00e9rcio e Ind\u00fastria (Sedecin).<\/p>\n<p>&nbsp;<\/p>\n<p>O avan\u00e7o na parceria acontece quando a ag\u00eancia de fomento disponibiliza o Cr\u00e9dito Para o Povo, recurso destinado para trabalhadores informais no valor de mil reais e car\u00eancia de 6 meses para iniciar o pagamento das 12 parcelas mensais, com juros reduzidos.<\/p>\n<p>&nbsp;<\/p>\n<p>\u201cAl\u00e9m de ajudar quem trabalha na informalidade a melhorar sua renda e investir em seu trabalho, o recurso de microcr\u00e9dito gira na cidade, isso significa mais dinheiro circulando em nossa economia\u201d, explica Pedro Soares, gestor da Sedecin.<\/p>\n<p>&nbsp;<\/p>\n<p>No munic\u00edpio onde 41% dos recursos financeiros produzidos s\u00e3o do setor de com\u00e9rcio e servi\u00e7os, o aporte do microcr\u00e9dito \u00e9 mais uma boa not\u00edcia para Penedo, agora com assist\u00eancia direta da Ag\u00eancia Desenvolve.<\/p>\n<p>&nbsp;<\/p>\n<p>\u201c\u00c9 importante frisar que antes de termos esse conv\u00eanio assinado ontem, a Sedecin e a Desenvolve j\u00e1 trabalhavam de forma conjunta e foi essa parceria que injetou R$ 1.275.000,00 somente para microempreendedores individuais de Penedo\u201d, destaca Pedro Soares sobre recursos da linha de financiamento Pr\u00f3-Renda.<\/p>\n<p>&nbsp;<\/p>\n<p>A soma dos investimentos da ag\u00eancia de fomento de Alagoas em Penedo j\u00e1 ultrapassa os tr\u00eas milh\u00f5es de reais (R$ 3.211.092,00), valor que inclui empr\u00e9stimos para Micro e Pequenas Empresas e cr\u00e9dito especial para o setor de hotelaria.<\/p>\n<p>&nbsp;<\/p>\n<p>&nbsp;<\/p>\n<p>&nbsp;<\/p>\n<p><strong>por Fernando Vin\u00edcius &#8211; Secom PMP<\/strong><\/p>\n<p>&nbsp;<\/p>\n","protected":false},"excerpt":{"rendered":"<p>A Prefeitura de Penedo e a Ag\u00eancia de Fomento de Alagoas (Desenvolve) assinaram um conv\u00eanio para facilitar o acesso ao setor vinculado \u00e0 Secretaria de Estado de Desenvolvimento Econ\u00f4mico e Turismo (Sedetur). &nbsp; O ato oficializado durante o Semin\u00e1rio Cidades Empreendedoras \u2013 Penedo, viabiliza atendimento presencial e orienta\u00e7\u00e3o da Ag\u00eancia Desenvolve na Sala do Empreendedor, &hellip;<\/p>\n","protected":false},"author":2,"featured_media":25087,"comment_status":"open","ping_status":"open","sticky":false,"template":"","format":"standard","meta":{"_jetpack_memberships_contains_paid_content":false,"footnotes":""},"categories":[1,3],"tags":[],"class_list":["post-25086","post","type-post","status-publish","format-standard","has-post-thumbnail","hentry","category-destaque","category-penedo"],"jetpack_featured_media_url":"https:\/\/www.oparanews.com.br\/wp-content\/uploads\/2022\/09\/convenio-agencia-desenvolve-prefeitura-penedo-3.jpeg","jetpack_sharing_enabled":true,"_links":{"self":[{"href":"https:\/\/www.oparanews.com.br\/index.php\/wp-json\/wp\/v2\/posts\/25086","targetHints":{"allow":["GET"]}}],"collection":[{"href":"https:\/\/www.oparanews.com.br\/index.php\/wp-json\/wp\/v2\/posts"}],"about":[{"href":"https:\/\/www.oparanews.com.br\/index.php\/wp-json\/wp\/v2\/types\/post"}],"author":[{"embeddable":true,"href":"https:\/\/www.oparanews.com.br\/index.php\/wp-json\/wp\/v2\/users\/2"}],"replies":[{"embeddable":true,"href":"https:\/\/www.oparanews.com.br\/index.php\/wp-json\/wp\/v2\/comments?post=25086"}],"version-history":[{"count":1,"href":"https:\/\/www.oparanews.com.br\/index.php\/wp-json\/wp\/v2\/posts\/25086\/revisions"}],"predecessor-version":[{"id":25088,"href":"https:\/\/www.oparanews.com.br\/index.php\/wp-json\/wp\/v2\/posts\/25086\/revisions\/25088"}],"wp:featuredmedia":[{"embeddable":true,"href":"https:\/\/www.oparanews.com.br\/index.php\/wp-json\/wp\/v2\/media\/25087"}],"wp:attachment":[{"href":"https:\/\/www.oparanews.com.br\/index.php\/wp-json\/wp\/v2\/media?parent=25086"}],"wp:term":[{"taxonomy":"category","embeddable":true,"href":"https:\/\/www.oparanews.com.br\/index.php\/wp-json\/wp\/v2\/categories?post=25086"},{"taxonomy":"post_tag","embeddable":true,"href":"https:\/\/www.oparanews.com.br\/index.php\/wp-json\/wp\/v2\/tags?post=25086"}],"curies":[{"name":"wp","href":"https:\/\/api.w.org\/{rel}","templated":true}]}}