{"id":25089,"date":"2022-09-16T13:15:59","date_gmt":"2022-09-16T16:15:59","guid":{"rendered":"https:\/\/www.oparanews.com.br\/?p=25089"},"modified":"2022-09-16T13:15:59","modified_gmt":"2022-09-16T16:15:59","slug":"carlinhos-maia-anuncia-afastamento-temporario-das-redes-sociais","status":"publish","type":"post","link":"https:\/\/www.oparanews.com.br\/index.php\/2022\/09\/16\/carlinhos-maia-anuncia-afastamento-temporario-das-redes-sociais\/","title":{"rendered":"Carlinhos Maia anuncia afastamento tempor\u00e1rio das redes sociais"},"content":{"rendered":"<p>O influenciador Carlinhos Maia anunciou nesta quinta-feira (15), em seu Instagram, que vai se afastar temporariamente das redes sociais para cuidar da sa\u00fade. Em uma postagem de v\u00eddeo, ele diz que sofre de S\u00edndrome do P\u00e2nico e o problema se agravou ap\u00f3s o assalto milion\u00e1rio em seu apartamento.<\/p>\n<p>&nbsp;<\/p>\n<p>Nos v\u00eddeos ele diz que n\u00e3o est\u00e1 bem e aparece abatido.<\/p>\n<p>&nbsp;<\/p>\n<p><em>&#8220;A gente adoece, a gente entristece, a gente fica mal. Eu tenho S\u00edndrome do P\u00e2nico h\u00e1 muitos anos. N\u00e3o fico falando toda hora pra voc\u00eas isso. Desde o &#8216;neg\u00f3cio&#8217; l\u00e1 do assalto, isso agravou, isso aumentou. Eu n\u00e3o estou tendo aquela paz&#8221;, disse o influenciador.<\/em><\/p>\n<p>&nbsp;<\/p>\n<figure id=\"attachment_25091\" aria-describedby=\"caption-attachment-25091\" style=\"width: 170px\" class=\"wp-caption alignleft\"><a href=\"http:\/\/www.oparanews.com.br\/wp-content\/uploads\/2022\/09\/whatsapp-image-2022-09-16-at-11.36.43.webp\"><img loading=\"lazy\" decoding=\"async\" class=\"size-medium wp-image-25091\" src=\"http:\/\/www.oparanews.com.br\/wp-content\/uploads\/2022\/09\/whatsapp-image-2022-09-16-at-11.36.43-170x300.webp\" alt=\"\" width=\"170\" height=\"300\" srcset=\"https:\/\/www.oparanews.com.br\/wp-content\/uploads\/2022\/09\/whatsapp-image-2022-09-16-at-11.36.43-170x300.webp 170w, https:\/\/www.oparanews.com.br\/wp-content\/uploads\/2022\/09\/whatsapp-image-2022-09-16-at-11.36.43-579x1024.webp 579w, https:\/\/www.oparanews.com.br\/wp-content\/uploads\/2022\/09\/whatsapp-image-2022-09-16-at-11.36.43-768x1358.webp 768w, https:\/\/www.oparanews.com.br\/wp-content\/uploads\/2022\/09\/whatsapp-image-2022-09-16-at-11.36.43-869x1536.webp 869w, https:\/\/www.oparanews.com.br\/wp-content\/uploads\/2022\/09\/whatsapp-image-2022-09-16-at-11.36.43.webp 1000w\" sizes=\"auto, (max-width: 170px) 100vw, 170px\" \/><\/a><figcaption id=\"caption-attachment-25091\" class=\"wp-caption-text\">Reprodu\u00e7\u00e3o<\/figcaption><\/figure>\n<p>Carlinhos n\u00e3o revelou por quanto tempo deve ficar longe das redes sociais, mas disse que voltar\u00e1 em breve e confirmou o evento que faz anualmente em sua casa de praia, na Barra de S\u00e3o Miguel, litoral Sul de Alagoas, onde re\u00fane pessoas famosas e influenciadores durante o final de semana de brincadeiras e partidas de futebol de sab\u00e3o.<\/p>\n<p>&nbsp;<\/p>\n<p><em>&#8220;Estou ansioso, por isso estou assim, minha voz, minha garganta, gripei. N\u00e3o estava feliz&#8221;, disse Carlinhos.<\/em><\/p>\n<p>&nbsp;<\/p>\n<p>Depois de dar o recado aos f\u00e3s, Carlinhos postou um v\u00eddeo na varanda de uma casa que fica em Piranhas, alto Sert\u00e3o do estado, \u00e0s margens do Rio S\u00e3o Francisco. Ele tamb\u00e9m mostrou uma foto com o esposo, o tamb\u00e9m influenciador Lucas Guimar\u00e3es, sentados \u00e0s margens do rio.<\/p>\n<p>&nbsp;<\/p>\n<p>&nbsp;<\/p>\n<p>&nbsp;<\/p>\n<p><strong>por Heliana Gon\u00e7alves, g1 AL<\/strong><\/p>\n<p>&nbsp;<\/p>\n<p>&nbsp;<\/p>\n","protected":false},"excerpt":{"rendered":"<p>O influenciador Carlinhos Maia anunciou nesta quinta-feira (15), em seu Instagram, que vai se afastar temporariamente das redes sociais para cuidar da sa\u00fade. Em uma postagem de v\u00eddeo, ele diz que sofre de S\u00edndrome do P\u00e2nico e o problema se agravou ap\u00f3s o assalto milion\u00e1rio em seu apartamento. &nbsp; Nos v\u00eddeos ele diz que n\u00e3o &hellip;<\/p>\n","protected":false},"author":2,"featured_media":25090,"comment_status":"open","ping_status":"open","sticky":false,"template":"","format":"standard","meta":{"_jetpack_memberships_contains_paid_content":false,"footnotes":""},"categories":[1,3],"tags":[],"class_list":["post-25089","post","type-post","status-publish","format-standard","has-post-thumbnail","hentry","category-destaque","category-penedo"],"jetpack_featured_media_url":"https:\/\/www.oparanews.com.br\/wp-content\/uploads\/2022\/09\/carlinhos-maia.png","jetpack_sharing_enabled":true,"_links":{"self":[{"href":"https:\/\/www.oparanews.com.br\/index.php\/wp-json\/wp\/v2\/posts\/25089","targetHints":{"allow":["GET"]}}],"collection":[{"href":"https:\/\/www.oparanews.com.br\/index.php\/wp-json\/wp\/v2\/posts"}],"about":[{"href":"https:\/\/www.oparanews.com.br\/index.php\/wp-json\/wp\/v2\/types\/post"}],"author":[{"embeddable":true,"href":"https:\/\/www.oparanews.com.br\/index.php\/wp-json\/wp\/v2\/users\/2"}],"replies":[{"embeddable":true,"href":"https:\/\/www.oparanews.com.br\/index.php\/wp-json\/wp\/v2\/comments?post=25089"}],"version-history":[{"count":1,"href":"https:\/\/www.oparanews.com.br\/index.php\/wp-json\/wp\/v2\/posts\/25089\/revisions"}],"predecessor-version":[{"id":25092,"href":"https:\/\/www.oparanews.com.br\/index.php\/wp-json\/wp\/v2\/posts\/25089\/revisions\/25092"}],"wp:featuredmedia":[{"embeddable":true,"href":"https:\/\/www.oparanews.com.br\/index.php\/wp-json\/wp\/v2\/media\/25090"}],"wp:attachment":[{"href":"https:\/\/www.oparanews.com.br\/index.php\/wp-json\/wp\/v2\/media?parent=25089"}],"wp:term":[{"taxonomy":"category","embeddable":true,"href":"https:\/\/www.oparanews.com.br\/index.php\/wp-json\/wp\/v2\/categories?post=25089"},{"taxonomy":"post_tag","embeddable":true,"href":"https:\/\/www.oparanews.com.br\/index.php\/wp-json\/wp\/v2\/tags?post=25089"}],"curies":[{"name":"wp","href":"https:\/\/api.w.org\/{rel}","templated":true}]}}