{"id":25094,"date":"2022-09-17T22:33:56","date_gmt":"2022-09-18T01:33:56","guid":{"rendered":"https:\/\/www.oparanews.com.br\/?p=25094"},"modified":"2022-09-17T22:33:56","modified_gmt":"2022-09-18T01:33:56","slug":"policia-prende-suspeito-de-matar-ganhador-da-mega-sena-em-sp","status":"publish","type":"post","link":"https:\/\/www.oparanews.com.br\/index.php\/2022\/09\/17\/policia-prende-suspeito-de-matar-ganhador-da-mega-sena-em-sp\/","title":{"rendered":"Pol\u00edcia prende suspeito de matar ganhador da Mega-Sena em SP"},"content":{"rendered":"<p>O governo estadual de S\u00e3o Paulo informou neste s\u00e1bado (17) que prendeu um dos suspeitos de matar Jonas Lucas Alves Dias, de 55 anos, ganhador de R$ 47,1 milh\u00f5es na Mega-Sena em 2020. A morte ocorreu na quarta-feira (14) em Hortol\u00e2ndia (SP).<\/p>\n<p>&nbsp;<\/p>\n<p>A delegada Juliana Ricci, da Deic de Piracicaba (SP), que est\u00e1 \u00e0 frente das investiga\u00e7\u00f5es, informou que o caso foi elucidado.<\/p>\n<p>&nbsp;<\/p>\n<p>O an\u00fancio da pris\u00e3o foi feito pelo governador Rodrigo Garcia (PSDB), que tenta se reeleger. Ele disse que &#8220;um dos suspeitos&#8221; foi detido, mas n\u00e3o detalhou se h\u00e1 outros investigados.<\/p>\n<p>&nbsp;<\/p>\n<p>Pr\u00eamio motivou o crime &#8211; Antes da pris\u00e3o, Pol\u00edcia Civil j\u00e1 havia afirmado que a morte de Jonas Lucas foi motivada pelo pr\u00eamio de R$ 47,1 milh\u00f5es da Mega-Sena.<\/p>\n<p>&nbsp;<\/p>\n<p>Segundo a delegada Juliana Ricci, uma tentativa de saque de R$ 3 milh\u00f5es foi feita via aplicativo de mensagens.<\/p>\n<p>&nbsp;<\/p>\n<p>O crime &#8211; Jonas foi raptado depois de sair para caminhar na \u00faltima ter\u00e7a (13), sendo abandonado \u00e0s margens do km 104 da Rodovia dos Bandeirantes (SP-348), em Hortol\u00e2ndia (SP), pr\u00f3ximo da al\u00e7a de acesso da SP-101. Ele foi socorrido e apresentava sinais de espancamento. Chegou a ser levado ao hospital, mas morreu.<\/p>\n<p>&nbsp;<\/p>\n<p>Durante o per\u00edodo em que ficou sob poder dos criminosos, cerca de R$ 20 mil foram retirados de suas contas e houve uma tentativa de transfer\u00eancia de R$ 3 milh\u00f5es, sem sucesso.<\/p>\n<p>&nbsp;<\/p>\n<p>A advogada da fam\u00edlia relatou \u00e0 pol\u00edcia que a v\u00edtima havia levado apenas carteira e documentos para a caminhada. Ao final do dia, como n\u00e3o foi mais poss\u00edvel contat\u00e1-lo, familiares registraram ocorr\u00eancia de desaparecimento na delegacia eletr\u00f4nica.<\/p>\n<p>&nbsp;<\/p>\n<p>Depois de ser encontrado, o homem foi socorrido pelo resgate da concession\u00e1ria Autoban ao Hospital M\u00e1rio Covas, mas n\u00e3o resistiu.<\/p>\n<p>&nbsp;<\/p>\n<p>O m\u00e9dico da unidade que atendeu Jonas Lucas atestou traumatismo cranioencef\u00e1lico como causa da morte. A Pol\u00edcia Civil tenta descobrir como e quando foi a abordagem, al\u00e9m de quantas pessoas est\u00e3o envolvidas.<\/p>\n<p>&nbsp;<\/p>\n<p>O corpo de Jonas foi enterrado na sexta-feira (16). Um \u00f4nibus foi disponibilizado para levar amigos e vizinhos ao enterro. O sepultamento ocorreu no Cemit\u00e9rio da Saudade, em Sumar\u00e9 (SP).<\/p>\n<p>&nbsp;<\/p>\n<p>&#8216;Era simples&#8217; &#8211; Vizinho do milion\u00e1rio da Mega-Sena, o aposentado Jo\u00e3o Batista Alves contou que muita gente nem acreditava que Jonas tinha ganhado a bolada em raz\u00e3o de como ele levava uma vida simples.<\/p>\n<p>&nbsp;<\/p>\n<p>&#8220;Era igual a gente, pessoa simples, que andava de chinelo, tranquilo, sempre passava aqui, sempre atencioso com a gente. A pol\u00edcia tem que encontrar [o assasssino], de qualquer maneira&#8221;, disse.<\/p>\n<p>&nbsp;<\/p>\n<p>Quem conhecia Jonas Lucas h\u00e1 d\u00e9cadas garante que ele n\u00e3o mudou nada com o pr\u00eamio milion\u00e1rio recebido.<\/p>\n<p>&nbsp;<\/p>\n<p>&#8220;Eu fui muito comprar com ele quando trabalhava no dep\u00f3sito. [Ap\u00f3s o pr\u00eamio] era a mesma pessoa, n\u00e3o mudou nada, continuou como se nada tivesse acontecido&#8221;, lembra Luiz.<\/p>\n<p>&nbsp;<\/p>\n<p>&nbsp;<\/p>\n<p>&nbsp;<\/p>\n<p><strong>Fonte: G1<\/strong><\/p>\n<p>&nbsp;<\/p>\n","protected":false},"excerpt":{"rendered":"<p>O governo estadual de S\u00e3o Paulo informou neste s\u00e1bado (17) que prendeu um dos suspeitos de matar Jonas Lucas Alves Dias, de 55 anos, ganhador de R$ 47,1 milh\u00f5es na Mega-Sena em 2020. A morte ocorreu na quarta-feira (14) em Hortol\u00e2ndia (SP). &nbsp; A delegada Juliana Ricci, da Deic de Piracicaba (SP), que est\u00e1 \u00e0 &hellip;<\/p>\n","protected":false},"author":2,"featured_media":25095,"comment_status":"open","ping_status":"open","sticky":false,"template":"","format":"standard","meta":{"_jetpack_memberships_contains_paid_content":false,"footnotes":""},"categories":[5],"tags":[],"class_list":["post-25094","post","type-post","status-publish","format-standard","has-post-thumbnail","hentry","category-brasil-mundo"],"jetpack_featured_media_url":"https:\/\/www.oparanews.com.br\/wp-content\/uploads\/2022\/09\/Sem-titulo-4.jpg","jetpack_sharing_enabled":true,"_links":{"self":[{"href":"https:\/\/www.oparanews.com.br\/index.php\/wp-json\/wp\/v2\/posts\/25094","targetHints":{"allow":["GET"]}}],"collection":[{"href":"https:\/\/www.oparanews.com.br\/index.php\/wp-json\/wp\/v2\/posts"}],"about":[{"href":"https:\/\/www.oparanews.com.br\/index.php\/wp-json\/wp\/v2\/types\/post"}],"author":[{"embeddable":true,"href":"https:\/\/www.oparanews.com.br\/index.php\/wp-json\/wp\/v2\/users\/2"}],"replies":[{"embeddable":true,"href":"https:\/\/www.oparanews.com.br\/index.php\/wp-json\/wp\/v2\/comments?post=25094"}],"version-history":[{"count":2,"href":"https:\/\/www.oparanews.com.br\/index.php\/wp-json\/wp\/v2\/posts\/25094\/revisions"}],"predecessor-version":[{"id":25097,"href":"https:\/\/www.oparanews.com.br\/index.php\/wp-json\/wp\/v2\/posts\/25094\/revisions\/25097"}],"wp:featuredmedia":[{"embeddable":true,"href":"https:\/\/www.oparanews.com.br\/index.php\/wp-json\/wp\/v2\/media\/25095"}],"wp:attachment":[{"href":"https:\/\/www.oparanews.com.br\/index.php\/wp-json\/wp\/v2\/media?parent=25094"}],"wp:term":[{"taxonomy":"category","embeddable":true,"href":"https:\/\/www.oparanews.com.br\/index.php\/wp-json\/wp\/v2\/categories?post=25094"},{"taxonomy":"post_tag","embeddable":true,"href":"https:\/\/www.oparanews.com.br\/index.php\/wp-json\/wp\/v2\/tags?post=25094"}],"curies":[{"name":"wp","href":"https:\/\/api.w.org\/{rel}","templated":true}]}}