{"id":25120,"date":"2022-09-20T07:56:10","date_gmt":"2022-09-20T10:56:10","guid":{"rendered":"https:\/\/www.oparanews.com.br\/?p=25120"},"modified":"2022-09-20T07:56:10","modified_gmt":"2022-09-20T10:56:10","slug":"prefeitura-de-penedo-e-sedetur-alagoas-debatem-plano-de-desenvolvimento-integrado-do-turismo-sustentavel","status":"publish","type":"post","link":"https:\/\/www.oparanews.com.br\/index.php\/2022\/09\/20\/prefeitura-de-penedo-e-sedetur-alagoas-debatem-plano-de-desenvolvimento-integrado-do-turismo-sustentavel\/","title":{"rendered":"Prefeitura de Penedo e Sedetur Alagoas debatem Plano de Desenvolvimento Integrado do Turismo Sustent\u00e1vel"},"content":{"rendered":"<p>A Prefeitura de Penedo e a LOG Estrat\u00e9gia, empresa contratada pela Secretaria de Estado de Desenvolvimento Econ\u00f4mico e Turismo de Alagoas (Sedetur) est\u00e3o trabalhando na elabora\u00e7\u00e3o do Plano de Desenvolvimento Integrado do Turismo Sustent\u00e1vel (PDITS).<\/p>\n<p>&nbsp;<\/p>\n<p>O trabalho conjunto reuniu representantes da LOG com a gest\u00e3o do Gabinete Civil do Prefeito e das Secretarias Municipais de Turismo, Infraestrutura, Desenvolvimento Econ\u00f4mico e Cultura.<\/p>\n<p>&nbsp;<\/p>\n<p>Com o aux\u00edlio de Jair Galv\u00e3o (Setur), Pedro Soares (Sedecin), Aliny Costa e Marcos Muniz (Semclej), Martha M\u00e1rtyres (Gapre) e Messias Santos (Seinfra), a consultora da LOG Estrat\u00e9gia, L\u00edvia Cat\u00e3o, coletou as primeiras informa\u00e7\u00f5es para o PDITS.<\/p>\n<p>&nbsp;<\/p>\n<p>O Plano de Desenvolvimento Integrado do Turismo Sustent\u00e1vel \u00e9 focado nos 26 munic\u00edpios localizados nas regi\u00f5es tur\u00edsticas C\u00e2nions do S\u00e3o Francisco, Costa dos Corais e Lagoas, Mares e Rios do Sul \u2013 onde Penedo est\u00e1 inserida.<\/p>\n<p>&nbsp;<\/p>\n<p>A parceria entre prefeituras, governo estadual e empresa privada vai orientar o setor com bases sustent\u00e1veis em curto, m\u00e9dio e longo prazo, a fim de estabelecer a defini\u00e7\u00e3o de a\u00e7\u00f5es priorit\u00e1rias e a tomadas de decis\u00e3o.<\/p>\n<p>&nbsp;<\/p>\n<p>Para Jair Galv\u00e3o, Secret\u00e1rio de Turismo, todo projeto que tem como objetivo fortalecer e dar mais visibilidade ao Destino Penedo \u00e9 muito bem-vindo.<\/p>\n<p>&nbsp;<\/p>\n<p>\u201cOs planos de Desenvolvimento Integrado de Turismo Sustent\u00e1vel s\u00e3o principais ferramentas que antecedem investimentos importantes junto a fundos multilaterais, que \u00e9 o caso da Corpora\u00e7\u00e3o Andina de Fomento (CAF)\u201d, ressalta o gestor da Setur Penedo.<\/p>\n<p>&nbsp;<\/p>\n<p>\u201cSem d\u00favida, ser\u00e1 um projeto fundamental para o avan\u00e7o do turismo em Penedo, como importante gerador de emprego e rende para a popula\u00e7\u00e3o\u201d, conclui Jair Galv\u00e3o.<\/p>\n<p>&nbsp;<\/p>\n<p>&nbsp;<\/p>\n<p>&nbsp;<\/p>\n<p><strong>por Thaciana Lima \u2013 Setur Penedo<\/strong><\/p>\n<p>&nbsp;<\/p>\n","protected":false},"excerpt":{"rendered":"<p>A Prefeitura de Penedo e a LOG Estrat\u00e9gia, empresa contratada pela Secretaria de Estado de Desenvolvimento Econ\u00f4mico e Turismo de Alagoas (Sedetur) est\u00e3o trabalhando na elabora\u00e7\u00e3o do Plano de Desenvolvimento Integrado do Turismo Sustent\u00e1vel (PDITS). &nbsp; O trabalho conjunto reuniu representantes da LOG com a gest\u00e3o do Gabinete Civil do Prefeito e das Secretarias Municipais &hellip;<\/p>\n","protected":false},"author":2,"featured_media":25121,"comment_status":"open","ping_status":"open","sticky":false,"template":"","format":"standard","meta":{"_jetpack_memberships_contains_paid_content":false,"footnotes":""},"categories":[1,3],"tags":[],"class_list":["post-25120","post","type-post","status-publish","format-standard","has-post-thumbnail","hentry","category-destaque","category-penedo"],"jetpack_featured_media_url":"https:\/\/www.oparanews.com.br\/wp-content\/uploads\/2022\/09\/penedo-setur-semclej-log-7-1-1068x712-1.jpeg","jetpack_sharing_enabled":true,"_links":{"self":[{"href":"https:\/\/www.oparanews.com.br\/index.php\/wp-json\/wp\/v2\/posts\/25120","targetHints":{"allow":["GET"]}}],"collection":[{"href":"https:\/\/www.oparanews.com.br\/index.php\/wp-json\/wp\/v2\/posts"}],"about":[{"href":"https:\/\/www.oparanews.com.br\/index.php\/wp-json\/wp\/v2\/types\/post"}],"author":[{"embeddable":true,"href":"https:\/\/www.oparanews.com.br\/index.php\/wp-json\/wp\/v2\/users\/2"}],"replies":[{"embeddable":true,"href":"https:\/\/www.oparanews.com.br\/index.php\/wp-json\/wp\/v2\/comments?post=25120"}],"version-history":[{"count":1,"href":"https:\/\/www.oparanews.com.br\/index.php\/wp-json\/wp\/v2\/posts\/25120\/revisions"}],"predecessor-version":[{"id":25122,"href":"https:\/\/www.oparanews.com.br\/index.php\/wp-json\/wp\/v2\/posts\/25120\/revisions\/25122"}],"wp:featuredmedia":[{"embeddable":true,"href":"https:\/\/www.oparanews.com.br\/index.php\/wp-json\/wp\/v2\/media\/25121"}],"wp:attachment":[{"href":"https:\/\/www.oparanews.com.br\/index.php\/wp-json\/wp\/v2\/media?parent=25120"}],"wp:term":[{"taxonomy":"category","embeddable":true,"href":"https:\/\/www.oparanews.com.br\/index.php\/wp-json\/wp\/v2\/categories?post=25120"},{"taxonomy":"post_tag","embeddable":true,"href":"https:\/\/www.oparanews.com.br\/index.php\/wp-json\/wp\/v2\/tags?post=25120"}],"curies":[{"name":"wp","href":"https:\/\/api.w.org\/{rel}","templated":true}]}}