{"id":25123,"date":"2022-09-20T07:59:06","date_gmt":"2022-09-20T10:59:06","guid":{"rendered":"https:\/\/www.oparanews.com.br\/?p=25123"},"modified":"2022-09-20T07:59:06","modified_gmt":"2022-09-20T10:59:06","slug":"fundacao-casa-do-penedo-completa-30-anos-com-programacao-aberta-ao-publico","status":"publish","type":"post","link":"https:\/\/www.oparanews.com.br\/index.php\/2022\/09\/20\/fundacao-casa-do-penedo-completa-30-anos-com-programacao-aberta-ao-publico\/","title":{"rendered":"Funda\u00e7\u00e3o Casa do Penedo completa 30 anos com programa\u00e7\u00e3o aberta ao p\u00fablico"},"content":{"rendered":"<p>Quem ainda n\u00e3o conhece o Museu do Rio S\u00e3o Francisco e a Biblioteca Francisco Alberto Sales tem toda a semana dispon\u00edvel para visitar os espa\u00e7os da Funda\u00e7\u00e3o Casa do Penedo.<\/p>\n<p>&nbsp;<\/p>\n<p>A institui\u00e7\u00e3o que comemora 30 anos de funcionamento est\u00e1 com visita\u00e7\u00e3o gratuita e guiada at\u00e9 a pr\u00f3xima sexta-feira, 23, das 9h \u00e0s 16 horas.<\/p>\n<p>&nbsp;<\/p>\n<p>A programa\u00e7\u00e3o que tem apoio da Prefeitura de Penedo reserva para as 19 horas da pr\u00f3xima quinta-feira, 22, um caf\u00e9 liter\u00e1rio coordenador por Jean Lenzi, professor diretor da entidade fundada pelo m\u00e9dico e historiador Francisco Sales, falecido em 2018.<\/p>\n<p>&nbsp;<\/p>\n<p>O tema do encontro \u00e9 \u201cA Casa do Penedo e sua atua\u00e7\u00e3o junto \u00e0 comunidade\u201d, um dos pontos da programa\u00e7\u00e3o que inclui apresenta\u00e7\u00e3o da Banda J\u00falio Catarina, sob reg\u00eancia do maestro Douglas Felipe\/Monte Pio dos Artistas, do ballet da Companhia Vidan\u00e7a e do cantor e compositor Al\u00ea O Santo.<\/p>\n<p>&nbsp;<\/p>\n<p>Na sexta-feira, 23, o teatro de bonecos de Carla Emanuelle apresenta Dan\u00e7ando Para a Vida para estudantes das escolas da Secretaria Municipal de Educa\u00e7\u00e3o, a partir das 14 horas, no audit\u00f3rio do Museu do Rio, o antigo Chal\u00e9 dos Loureiros.<\/p>\n<p>&nbsp;<\/p>\n<p>Na mesma data, Carla Emanuelle lan\u00e7a o livro Arapiraca, Minhas Ra\u00edzes, Minha Riqueza \u00e0s 19 horas. A programa\u00e7\u00e3o do anivers\u00e1rio da funda\u00e7\u00e3o ser\u00e1 conclu\u00edda com a interven\u00e7\u00e3o cultural Ra\u00edzes Africanas, do Centro de Cultura Afro de Penedo.<\/p>\n<p>&nbsp;<\/p>\n<p><a href=\"https:\/\/penedo.al.gov.br\/wp-content\/uploads\/2022\/09\/Programacao-30-anos-de-Fundacao-Casa-do-Penedo.pdf\"><strong>Programa\u00e7\u00e3o 30 anos de Funda\u00e7\u00e3o Casa do Penedo<\/strong><\/a><\/p>\n<p>&nbsp;<\/p>\n<p>&nbsp;<\/p>\n<p>&nbsp;<\/p>\n<p><strong>Fonte: Secom PMP<\/strong><\/p>\n<p>&nbsp;<\/p>\n","protected":false},"excerpt":{"rendered":"<p>Quem ainda n\u00e3o conhece o Museu do Rio S\u00e3o Francisco e a Biblioteca Francisco Alberto Sales tem toda a semana dispon\u00edvel para visitar os espa\u00e7os da Funda\u00e7\u00e3o Casa do Penedo. &nbsp; A institui\u00e7\u00e3o que comemora 30 anos de funcionamento est\u00e1 com visita\u00e7\u00e3o gratuita e guiada at\u00e9 a pr\u00f3xima sexta-feira, 23, das 9h \u00e0s 16 horas. &hellip;<\/p>\n","protected":false},"author":2,"featured_media":25124,"comment_status":"open","ping_status":"open","sticky":false,"template":"","format":"standard","meta":{"_jetpack_memberships_contains_paid_content":false,"footnotes":""},"categories":[1,3],"tags":[],"class_list":["post-25123","post","type-post","status-publish","format-standard","has-post-thumbnail","hentry","category-destaque","category-penedo"],"jetpack_featured_media_url":"https:\/\/www.oparanews.com.br\/wp-content\/uploads\/2022\/09\/chale-casa-do-penedo.jpeg","jetpack_sharing_enabled":true,"_links":{"self":[{"href":"https:\/\/www.oparanews.com.br\/index.php\/wp-json\/wp\/v2\/posts\/25123","targetHints":{"allow":["GET"]}}],"collection":[{"href":"https:\/\/www.oparanews.com.br\/index.php\/wp-json\/wp\/v2\/posts"}],"about":[{"href":"https:\/\/www.oparanews.com.br\/index.php\/wp-json\/wp\/v2\/types\/post"}],"author":[{"embeddable":true,"href":"https:\/\/www.oparanews.com.br\/index.php\/wp-json\/wp\/v2\/users\/2"}],"replies":[{"embeddable":true,"href":"https:\/\/www.oparanews.com.br\/index.php\/wp-json\/wp\/v2\/comments?post=25123"}],"version-history":[{"count":1,"href":"https:\/\/www.oparanews.com.br\/index.php\/wp-json\/wp\/v2\/posts\/25123\/revisions"}],"predecessor-version":[{"id":25125,"href":"https:\/\/www.oparanews.com.br\/index.php\/wp-json\/wp\/v2\/posts\/25123\/revisions\/25125"}],"wp:featuredmedia":[{"embeddable":true,"href":"https:\/\/www.oparanews.com.br\/index.php\/wp-json\/wp\/v2\/media\/25124"}],"wp:attachment":[{"href":"https:\/\/www.oparanews.com.br\/index.php\/wp-json\/wp\/v2\/media?parent=25123"}],"wp:term":[{"taxonomy":"category","embeddable":true,"href":"https:\/\/www.oparanews.com.br\/index.php\/wp-json\/wp\/v2\/categories?post=25123"},{"taxonomy":"post_tag","embeddable":true,"href":"https:\/\/www.oparanews.com.br\/index.php\/wp-json\/wp\/v2\/tags?post=25123"}],"curies":[{"name":"wp","href":"https:\/\/api.w.org\/{rel}","templated":true}]}}