{"id":25157,"date":"2022-09-22T21:49:16","date_gmt":"2022-09-23T00:49:16","guid":{"rendered":"https:\/\/www.oparanews.com.br\/?p=25157"},"modified":"2022-09-22T21:49:16","modified_gmt":"2022-09-23T00:49:16","slug":"prefeitura-de-penedo-supera-meta-do-ideb-para-turmas-dos-anos-finais","status":"publish","type":"post","link":"https:\/\/www.oparanews.com.br\/index.php\/2022\/09\/22\/prefeitura-de-penedo-supera-meta-do-ideb-para-turmas-dos-anos-finais\/","title":{"rendered":"Prefeitura de Penedo supera meta do IDEB para turmas dos anos finais"},"content":{"rendered":"<p>A Prefeitura de Penedo superou a meta estabelecida pelo Minist\u00e9rio da Educa\u00e7\u00e3o (MEC) para o \u00cdndice de Desenvolvimento da Educa\u00e7\u00e3o B\u00e1sica (Ideb) dos anos finais da Ensino Fundamental.<\/p>\n<p>&nbsp;<\/p>\n<p>A pesquisa que tem como refer\u00eancia a conclus\u00e3o do ano letivo 2021 aponta 4,6 para estudantes das turmas do 6\u00ba ao 9\u00ba ano da Secretaria Municipal de Educa\u00e7\u00e3o (Semed), sendo que a meta estipulada era 4.<\/p>\n<p>&nbsp;<\/p>\n<p>Em rela\u00e7\u00e3o aos anos iniciais (do 1\u00ba ao 5\u00aa ano) do Ensino Fundamental, as unidades da Semed Penedo alcanram a meta estabelecida em 5,3.<\/p>\n<p>&nbsp;<\/p>\n<p>Os resultados do Ideb 2021 mostram que o trabalho desenvolvido pela Prefeitura de Penedo durante a pandemia de Covid-19 se confirma como um dos melhores de Alagoas, inclusive em rela\u00e7\u00e3o \u00e0 qualidade do aprendizado de crian\u00e7as e adolescentes.<\/p>\n<p>&nbsp;<\/p>\n<p>Para se calcular o \u00edndice de Desenvolvimento da Educa\u00e7\u00e3o B\u00e1sica (Ideb), o setor do MEC respons\u00e1vel pelo trabalho \u2013 o Instituto Nacional de Estudos e Pesquisas Educacionais An\u00edsio Teixeira (Inep) \u2013 considera dados sobre aprova\u00e7\u00e3o escolar informados no censo anual escolar e as m\u00e9dias de desempenho em Portugu\u00eas e Matem\u00e1tica no Sistema de Avalia\u00e7\u00e3o da Educa\u00e7\u00e3o B\u00e1sica (Saeb), tamb\u00e9m conhecido como Prova Brasil.<\/p>\n<p>&nbsp;<\/p>\n<p>&nbsp;<\/p>\n<p>&nbsp;<\/p>\n<p><strong>Fonte: Secom PMP<\/strong><\/p>\n<p>&nbsp;<\/p>\n","protected":false},"excerpt":{"rendered":"<p>A Prefeitura de Penedo superou a meta estabelecida pelo Minist\u00e9rio da Educa\u00e7\u00e3o (MEC) para o \u00cdndice de Desenvolvimento da Educa\u00e7\u00e3o B\u00e1sica (Ideb) dos anos finais da Ensino Fundamental. &nbsp; A pesquisa que tem como refer\u00eancia a conclus\u00e3o do ano letivo 2021 aponta 4,6 para estudantes das turmas do 6\u00ba ao 9\u00ba ano da Secretaria Municipal &hellip;<\/p>\n","protected":false},"author":2,"featured_media":25158,"comment_status":"open","ping_status":"open","sticky":false,"template":"","format":"standard","meta":{"_jetpack_memberships_contains_paid_content":false,"footnotes":""},"categories":[1,3],"tags":[],"class_list":["post-25157","post","type-post","status-publish","format-standard","has-post-thumbnail","hentry","category-destaque","category-penedo"],"jetpack_featured_media_url":"https:\/\/www.oparanews.com.br\/wp-content\/uploads\/2022\/09\/iiiiiiiiiiiiiiiiii.png","jetpack_sharing_enabled":true,"_links":{"self":[{"href":"https:\/\/www.oparanews.com.br\/index.php\/wp-json\/wp\/v2\/posts\/25157","targetHints":{"allow":["GET"]}}],"collection":[{"href":"https:\/\/www.oparanews.com.br\/index.php\/wp-json\/wp\/v2\/posts"}],"about":[{"href":"https:\/\/www.oparanews.com.br\/index.php\/wp-json\/wp\/v2\/types\/post"}],"author":[{"embeddable":true,"href":"https:\/\/www.oparanews.com.br\/index.php\/wp-json\/wp\/v2\/users\/2"}],"replies":[{"embeddable":true,"href":"https:\/\/www.oparanews.com.br\/index.php\/wp-json\/wp\/v2\/comments?post=25157"}],"version-history":[{"count":1,"href":"https:\/\/www.oparanews.com.br\/index.php\/wp-json\/wp\/v2\/posts\/25157\/revisions"}],"predecessor-version":[{"id":25159,"href":"https:\/\/www.oparanews.com.br\/index.php\/wp-json\/wp\/v2\/posts\/25157\/revisions\/25159"}],"wp:featuredmedia":[{"embeddable":true,"href":"https:\/\/www.oparanews.com.br\/index.php\/wp-json\/wp\/v2\/media\/25158"}],"wp:attachment":[{"href":"https:\/\/www.oparanews.com.br\/index.php\/wp-json\/wp\/v2\/media?parent=25157"}],"wp:term":[{"taxonomy":"category","embeddable":true,"href":"https:\/\/www.oparanews.com.br\/index.php\/wp-json\/wp\/v2\/categories?post=25157"},{"taxonomy":"post_tag","embeddable":true,"href":"https:\/\/www.oparanews.com.br\/index.php\/wp-json\/wp\/v2\/tags?post=25157"}],"curies":[{"name":"wp","href":"https:\/\/api.w.org\/{rel}","templated":true}]}}