{"id":25160,"date":"2022-09-22T21:53:36","date_gmt":"2022-09-23T00:53:36","guid":{"rendered":"https:\/\/www.oparanews.com.br\/?p=25160"},"modified":"2022-09-22T21:53:36","modified_gmt":"2022-09-23T00:53:36","slug":"secretaria-de-saude-de-penedo-intensifica-campanhas-de-vacinacao","status":"publish","type":"post","link":"https:\/\/www.oparanews.com.br\/index.php\/2022\/09\/22\/secretaria-de-saude-de-penedo-intensifica-campanhas-de-vacinacao\/","title":{"rendered":"Secretaria de Sa\u00fade de Penedo intensifica campanhas de vacina\u00e7\u00e3o"},"content":{"rendered":"<p>A Prefeitura de Penedo, atrav\u00e9s da Secretaria Municipal de Sa\u00fade (SEMS), intensifica as a\u00e7\u00f5es de vacina\u00e7\u00e3o para ampliar a cobertura vacinal da popula\u00e7\u00e3o contra diferentes doen\u00e7as.<\/p>\n<p>&nbsp;<\/p>\n<p>As campanhas est\u00e3o acontecendo atualmente no munic\u00edpio com as vacinas de rotina sendo aplicadas nos postos de sa\u00fade e as de combate \u00e0 Covid no Theatro Sete de Setembro e Centro de Inclus\u00e3o Digital (localizado na Pra\u00e7a Santa Luzia).<\/p>\n<p>&nbsp;<\/p>\n<p>A SEMS Penedo tamb\u00e9m refor\u00e7a a campanha nacional de vacina\u00e7\u00e3o contra a Poliomielite e a Multivacina\u00e7\u00e3o para atualizar a caderneta de vacina de crian\u00e7as e adolescentes menores de 15 anos, ambas prorrogadas at\u00e9 30 de setembro em todos os postos de sa\u00fade.<\/p>\n<p>&nbsp;<\/p>\n<p>\u201cA nossa cobertura contra a poliomielite se encontra em 90,18%, sendo a meta determinada pelo Minist\u00e9rio da Sa\u00fade \u00e9 de 95%, e essa prorroga\u00e7\u00e3o foi de extrema import\u00e2ncia para alertar os pais sobre as vacinas que seus filhos precisam\u201d, explica a Diretora de Epidemiologia e Imuniza\u00e7\u00e3o, Dhayanna Gabryella de Oliveira.<\/p>\n<p>&nbsp;<\/p>\n<p>A amplia\u00e7\u00e3o do prazo j\u00e1 resultou em aumento de procura pela atualiza\u00e7\u00e3o da cardeneta de vacina\u00e7\u00e3o, tanto para crian\u00e7as quanto para adolescentes e jovens que residem em Penedo.<\/p>\n<p><a href=\"http:\/\/www.oparanews.com.br\/wp-content\/uploads\/2022\/09\/WhatsApp-Image-2022-09-21-at-09.09.08.jpeg\"><img loading=\"lazy\" decoding=\"async\" class=\"alignleft size-medium wp-image-25162\" src=\"http:\/\/www.oparanews.com.br\/wp-content\/uploads\/2022\/09\/WhatsApp-Image-2022-09-21-at-09.09.08-169x300.jpeg\" alt=\"\" width=\"169\" height=\"300\" srcset=\"https:\/\/www.oparanews.com.br\/wp-content\/uploads\/2022\/09\/WhatsApp-Image-2022-09-21-at-09.09.08-169x300.jpeg 169w, https:\/\/www.oparanews.com.br\/wp-content\/uploads\/2022\/09\/WhatsApp-Image-2022-09-21-at-09.09.08.jpeg 571w\" sizes=\"auto, (max-width: 169px) 100vw, 169px\" \/><\/a><\/p>\n<p><strong>HPV e Meningite<\/strong><\/p>\n<p>&nbsp;<\/p>\n<p>Uma das frentes de trabalho da SEMS ocorre com a amplia\u00e7\u00e3o da idade para a vacina contra o HPV para meninos de 9 a 14 anos.<\/p>\n<p>&nbsp;<\/p>\n<p>Al\u00e9m disso, adolescentes de 11 a 14 anos que ainda n\u00e3o se vacinaram, devem tomar a vacina Meningoc\u00f3cica ACWY para se prevenir contra a meningite. Ambas as aplica\u00e7\u00f5es est\u00e3o dispon\u00edveis em todos postos de sa\u00fade.<\/p>\n<p>&nbsp;<\/p>\n<p><strong>Mutir\u00e3o de vacina\u00e7\u00e3o<\/strong><\/p>\n<p>&nbsp;<\/p>\n<p>J\u00e1 nesta sexta-feira (23), acontece no cal\u00e7ad\u00e3o da Igreja S\u00e3o Gon\u00e7alo o mutir\u00e3o de vacina\u00e7\u00e3o contra a Covid-19 e a gripe.<\/p>\n<p>&nbsp;<\/p>\n<p><a href=\"http:\/\/www.oparanews.com.br\/wp-content\/uploads\/2022\/09\/WhatsApp-Image-2022-09-22-at-11.57.25-576x1024-1.jpeg\"><img loading=\"lazy\" decoding=\"async\" class=\"alignleft size-medium wp-image-25163\" src=\"http:\/\/www.oparanews.com.br\/wp-content\/uploads\/2022\/09\/WhatsApp-Image-2022-09-22-at-11.57.25-576x1024-1-169x300.jpeg\" alt=\"\" width=\"169\" height=\"300\" srcset=\"https:\/\/www.oparanews.com.br\/wp-content\/uploads\/2022\/09\/WhatsApp-Image-2022-09-22-at-11.57.25-576x1024-1-169x300.jpeg 169w, https:\/\/www.oparanews.com.br\/wp-content\/uploads\/2022\/09\/WhatsApp-Image-2022-09-22-at-11.57.25-576x1024-1.jpeg 576w\" sizes=\"auto, (max-width: 169px) 100vw, 169px\" \/><\/a>Vale lembrar que a vacina da Influenza est\u00e1 liberada para toda a popula\u00e7\u00e3o, sendo que o imunizante contra Covid j\u00e1 tem a 4\u00aa dose liberada para maiores de 40 anos e a 1\u00aa dose para crian\u00e7as de 4 anos tamb\u00e9m j\u00e1 foi liberada.<\/p>\n<p>&nbsp;<\/p>\n<p>Para ficar protegido, basta levar a caderneta de vacina\u00e7\u00e3o.<\/p>\n<p>&nbsp;<\/p>\n<p>&nbsp;<\/p>\n<p>&nbsp;<\/p>\n<p><strong>por Gabriela Flores \u2013 SEMS<\/strong><\/p>\n<p>&nbsp;<\/p>\n","protected":false},"excerpt":{"rendered":"<p>A Prefeitura de Penedo, atrav\u00e9s da Secretaria Municipal de Sa\u00fade (SEMS), intensifica as a\u00e7\u00f5es de vacina\u00e7\u00e3o para ampliar a cobertura vacinal da popula\u00e7\u00e3o contra diferentes doen\u00e7as. &nbsp; As campanhas est\u00e3o acontecendo atualmente no munic\u00edpio com as vacinas de rotina sendo aplicadas nos postos de sa\u00fade e as de combate \u00e0 Covid no Theatro Sete de &hellip;<\/p>\n","protected":false},"author":2,"featured_media":25161,"comment_status":"open","ping_status":"open","sticky":false,"template":"","format":"standard","meta":{"_jetpack_memberships_contains_paid_content":false,"footnotes":""},"categories":[1,3],"tags":[],"class_list":["post-25160","post","type-post","status-publish","format-standard","has-post-thumbnail","hentry","category-destaque","category-penedo"],"jetpack_featured_media_url":"https:\/\/www.oparanews.com.br\/wp-content\/uploads\/2022\/09\/vacina.jpg","jetpack_sharing_enabled":true,"_links":{"self":[{"href":"https:\/\/www.oparanews.com.br\/index.php\/wp-json\/wp\/v2\/posts\/25160","targetHints":{"allow":["GET"]}}],"collection":[{"href":"https:\/\/www.oparanews.com.br\/index.php\/wp-json\/wp\/v2\/posts"}],"about":[{"href":"https:\/\/www.oparanews.com.br\/index.php\/wp-json\/wp\/v2\/types\/post"}],"author":[{"embeddable":true,"href":"https:\/\/www.oparanews.com.br\/index.php\/wp-json\/wp\/v2\/users\/2"}],"replies":[{"embeddable":true,"href":"https:\/\/www.oparanews.com.br\/index.php\/wp-json\/wp\/v2\/comments?post=25160"}],"version-history":[{"count":1,"href":"https:\/\/www.oparanews.com.br\/index.php\/wp-json\/wp\/v2\/posts\/25160\/revisions"}],"predecessor-version":[{"id":25164,"href":"https:\/\/www.oparanews.com.br\/index.php\/wp-json\/wp\/v2\/posts\/25160\/revisions\/25164"}],"wp:featuredmedia":[{"embeddable":true,"href":"https:\/\/www.oparanews.com.br\/index.php\/wp-json\/wp\/v2\/media\/25161"}],"wp:attachment":[{"href":"https:\/\/www.oparanews.com.br\/index.php\/wp-json\/wp\/v2\/media?parent=25160"}],"wp:term":[{"taxonomy":"category","embeddable":true,"href":"https:\/\/www.oparanews.com.br\/index.php\/wp-json\/wp\/v2\/categories?post=25160"},{"taxonomy":"post_tag","embeddable":true,"href":"https:\/\/www.oparanews.com.br\/index.php\/wp-json\/wp\/v2\/tags?post=25160"}],"curies":[{"name":"wp","href":"https:\/\/api.w.org\/{rel}","templated":true}]}}