{"id":25176,"date":"2022-09-23T21:23:23","date_gmt":"2022-09-24T00:23:23","guid":{"rendered":"https:\/\/www.oparanews.com.br\/?p=25176"},"modified":"2022-09-23T21:23:23","modified_gmt":"2022-09-24T00:23:23","slug":"prefeitura-de-penedo-divulga-lista-de-selecionados-para-cursos-de-vendedor-e-de-assistente-administrativo","status":"publish","type":"post","link":"https:\/\/www.oparanews.com.br\/index.php\/2022\/09\/23\/prefeitura-de-penedo-divulga-lista-de-selecionados-para-cursos-de-vendedor-e-de-assistente-administrativo\/","title":{"rendered":"Prefeitura de Penedo divulga lista de selecionados para cursos de Vendedor e de Assistente Administrativo"},"content":{"rendered":"<p>A Secretaria Municipal de Desenvolvimento Econ\u00f4mico, Ind\u00fastria e Com\u00e9rcio (Sedecin) divulga nesta sexta-feira, 23, a rela\u00e7\u00e3o do pessoal selecionado para os cursos gratuitos ofertados por meio do Senac Alagoas.<\/p>\n<p>&nbsp;<\/p>\n<p>A qualifica\u00e7\u00e3o profissional em Vendedor e Assistente Administrativo come\u00e7a na pr\u00f3xima segunda-feira, 26, na Biblioteca de Cultura e Arte de Penedo, localizada ao lado da ag\u00eancia dos Correios, Centro Hist\u00f3rico de Penedo.<\/p>\n<p>&nbsp;<\/p>\n<p>Confira abaixo a lista dos selecionados em cada curso<\/p>\n<p>&nbsp;<\/p>\n<p><strong>SELECIONADOS PARA O CURSO DE ASSISTENTE ADMINISTRATIVO<\/strong><\/p>\n<p>&nbsp;<\/p>\n<p><em>LOCAL: BIBLIOTECA (AO LADO DOS CORREIOS)<\/em><\/p>\n<p><em>INICIO: 26\/09\/2022 T\u00c9RMINO: 07\/12\/2022<\/em><\/p>\n<p><em>HOR\u00c1RIO: 08h \u00e0s 12h de Segunda a Sexta<\/em><\/p>\n<p>&nbsp;<\/p>\n<p>ARIANE SANTOS DAS CHAGAS DAMI\u00c3O<\/p>\n<p>ARLYANA MARRY SANTOS MENEZES<\/p>\n<p>ARYANNE RAQUEL SILVA FERREIRA<\/p>\n<p>CAMILA TAWANY DOS SANTOS DE FARIAS<\/p>\n<p>CINTIA CIBELE FERREIRA DOMINGOS<\/p>\n<p>DEBORA FERREIRA DA SILVA<\/p>\n<p>EMILIO HENRIQUE BATISTA ALVES<\/p>\n<p>EMYLY DAYANE GOMES SANTOS<\/p>\n<p>EVILYN MAYARA DA SILVA ALVES<\/p>\n<p>IVANICE DE OLIVEIRA FEITOSA<\/p>\n<p>JABSON BATISTA SANTOS<\/p>\n<p>JEANE BATISTA DOS SANTOS<\/p>\n<p>JO\u00c3O LEONARDO GOMES SANTOS<\/p>\n<p>JOS\u00c9 CARLOS DOS SANTOS J\u00daNIOR<\/p>\n<p>J\u00daLIO CESAR FARIAS DOS SANTOS<\/p>\n<p>KAMILLY VICT\u00d3RIA SANTOS TOMAZ<\/p>\n<p>KAMYLLE GABRIELLE DE SOUZA BATISTA<\/p>\n<p>KARINE HENRIQUE DOS SANTOS<\/p>\n<p>LEANDRO SANTOS DE FARIAS<\/p>\n<p>LUANY DOS SANTOS COSTA<\/p>\n<p>LUIZA ADRIELLE SANTOS DA MATA<\/p>\n<p>MARIA MILLENE DE GOES SANTOS<\/p>\n<p>RAISA NERIS BISPO<\/p>\n<p>THALYSSON LUAN DOS SANTOS TRINDADE<\/p>\n<p>WALQUIRIA MOREIRA BISPO<\/p>\n<p>&nbsp;<\/p>\n<p>&nbsp;<\/p>\n<p>SELECIONADOS PARA O CURSO DE VENDEDOR<\/p>\n<p>&nbsp;<\/p>\n<p><em>LOCAL: BIBLIOTECA (AO LADO DOS CORREIOS)<\/em><\/p>\n<p><em>INICIO: 26\/09\/2022 T\u00c9RMINO: 07\/12\/2022<\/em><\/p>\n<p><em>HOR\u00c1RIO: 18h \u00e0s 21h de Segunda a Sexta<\/em><\/p>\n<p>&nbsp;<\/p>\n<p>ALANE KELLY DOS SANTOS<\/p>\n<p>ANA LUIZA DOS SANTOS<\/p>\n<p>ARTUR BEZERRA FERNANDES<\/p>\n<p>CAMILE VICTORIA ALMEIDA SANTOS<\/p>\n<p>CARLOS AUGUSTO FERREIRA DOS SANTOS<\/p>\n<p>CAU\u00ca ARLAN DOS SANTOS GON\u00c7ALVES<\/p>\n<p>DAYANE DA SILVA SANTOS<\/p>\n<p>DIEGO NASCIMENTO DOS SANTOS<\/p>\n<p>JAIRLE THAYNA DA SILVA LIRA<\/p>\n<p>JO\u00c3O BATISTA LIMA NETO<\/p>\n<p>LAILA DIAS SANTOS<\/p>\n<p>LUCAS RAPHAEL DE SOUZA PEREIRA<\/p>\n<p>MARIA ANDRESSA DOS SANTOS<\/p>\n<p>SAMMY APRIGIO TEXEIRA<\/p>\n<p>WESLEY DE OLIVEIRA<\/p>\n<p>&nbsp;<\/p>\n<p>&nbsp;<\/p>\n<p>&nbsp;<\/p>\n<p><strong>Fonte: Secom PMP<\/strong><\/p>\n","protected":false},"excerpt":{"rendered":"<p>A Secretaria Municipal de Desenvolvimento Econ\u00f4mico, Ind\u00fastria e Com\u00e9rcio (Sedecin) divulga nesta sexta-feira, 23, a rela\u00e7\u00e3o do pessoal selecionado para os cursos gratuitos ofertados por meio do Senac Alagoas. &nbsp; A qualifica\u00e7\u00e3o profissional em Vendedor e Assistente Administrativo come\u00e7a na pr\u00f3xima segunda-feira, 26, na Biblioteca de Cultura e Arte de Penedo, localizada ao lado da &hellip;<\/p>\n","protected":false},"author":2,"featured_media":25177,"comment_status":"open","ping_status":"open","sticky":false,"template":"","format":"standard","meta":{"_jetpack_memberships_contains_paid_content":false,"footnotes":""},"categories":[1,3],"tags":[],"class_list":["post-25176","post","type-post","status-publish","format-standard","has-post-thumbnail","hentry","category-destaque","category-penedo"],"jetpack_featured_media_url":"https:\/\/www.oparanews.com.br\/wp-content\/uploads\/2022\/09\/Biblioteca-Publica-01.jpg","jetpack_sharing_enabled":true,"_links":{"self":[{"href":"https:\/\/www.oparanews.com.br\/index.php\/wp-json\/wp\/v2\/posts\/25176","targetHints":{"allow":["GET"]}}],"collection":[{"href":"https:\/\/www.oparanews.com.br\/index.php\/wp-json\/wp\/v2\/posts"}],"about":[{"href":"https:\/\/www.oparanews.com.br\/index.php\/wp-json\/wp\/v2\/types\/post"}],"author":[{"embeddable":true,"href":"https:\/\/www.oparanews.com.br\/index.php\/wp-json\/wp\/v2\/users\/2"}],"replies":[{"embeddable":true,"href":"https:\/\/www.oparanews.com.br\/index.php\/wp-json\/wp\/v2\/comments?post=25176"}],"version-history":[{"count":1,"href":"https:\/\/www.oparanews.com.br\/index.php\/wp-json\/wp\/v2\/posts\/25176\/revisions"}],"predecessor-version":[{"id":25178,"href":"https:\/\/www.oparanews.com.br\/index.php\/wp-json\/wp\/v2\/posts\/25176\/revisions\/25178"}],"wp:featuredmedia":[{"embeddable":true,"href":"https:\/\/www.oparanews.com.br\/index.php\/wp-json\/wp\/v2\/media\/25177"}],"wp:attachment":[{"href":"https:\/\/www.oparanews.com.br\/index.php\/wp-json\/wp\/v2\/media?parent=25176"}],"wp:term":[{"taxonomy":"category","embeddable":true,"href":"https:\/\/www.oparanews.com.br\/index.php\/wp-json\/wp\/v2\/categories?post=25176"},{"taxonomy":"post_tag","embeddable":true,"href":"https:\/\/www.oparanews.com.br\/index.php\/wp-json\/wp\/v2\/tags?post=25176"}],"curies":[{"name":"wp","href":"https:\/\/api.w.org\/{rel}","templated":true}]}}