{"id":25227,"date":"2022-09-28T08:00:16","date_gmt":"2022-09-28T11:00:16","guid":{"rendered":"https:\/\/www.oparanews.com.br\/?p=25227"},"modified":"2022-10-05T21:13:05","modified_gmt":"2022-10-06T00:13:05","slug":"prefeitura-de-penedo-paga-bonus-para-servidores-das-escolas-que-mantiveram-ou-ultrapassaram-metas-do-ideb","status":"publish","type":"post","link":"https:\/\/www.oparanews.com.br\/index.php\/2022\/09\/28\/prefeitura-de-penedo-paga-bonus-para-servidores-das-escolas-que-mantiveram-ou-ultrapassaram-metas-do-ideb\/","title":{"rendered":"Prefeitura de Penedo paga b\u00f4nus para servidores das escolas que mantiveram ou ultrapassaram metas do Ideb"},"content":{"rendered":"<p>Quem trabalha em escola da Prefeitura de Penedo que alcan\u00e7ou bons resultados no \u00cdndice de Desenvolvimento da Educa\u00e7\u00e3o B\u00e1sica (Ideb) chega ao final de setembro com mais dinheiro no bolso.<\/p>\n<p>&nbsp;<\/p>\n<p>Al\u00e9m do sal\u00e1rio pago nesta quinta-feira, 29, para efetivos e contratados da Secretaria Municipal de Educa\u00e7\u00e3o (Semed), todos os servidores de cada unidade de ensino que manteve ou ultrapassou as metas estabelecidas pelo Minist\u00e9rio da Educa\u00e7\u00e3o recebem b\u00f4nus.<\/p>\n<p>&nbsp;<\/p>\n<p>O reconhecimento ao empenho de cada escola da rede p\u00fablica municipal \u00e9 regulamentado por lei que prev\u00ea o pagamento de 50% do valor do sal\u00e1rio-base para a equipe da escola melhor colocada, 40% para segunda e 30% para a terceira, percentual que tamb\u00e9m atende as demais vencedoras no Ideb analisado sob o impacto da pandemia de Covid-19.<\/p>\n<p>&nbsp;<\/p>\n<p>O estudo comparativo feito com base no censo escolar e nas provas do Sistema de Avalia\u00e7\u00e3o da Educa\u00e7\u00e3o B\u00e1sica (Saeb) de Matem\u00e1tica e L\u00edngua Portuguesa manteve as notas registradas em 2019 como par\u00e2metro para 2021.<\/p>\n<p>&nbsp;<\/p>\n<p>Com base na decis\u00e3o do MEC, das 24 unidades de ensino da Prefeitura de Penedo, 12 ultrapassaram a meta do Ideb e duas igualaram os \u00edndices que haviam atingido em 2019.<\/p>\n<p>&nbsp;<\/p>\n<p><strong>Fonte: Secom PMP<\/strong><!--\/data\/user\/0\/com.samsung.android.app.notes\/files\/clipdata\/clipdata_bodytext_220929_075720_342.sdocx--><\/p>\n<p>&nbsp;<\/p>\n","protected":false},"excerpt":{"rendered":"<p>Quem trabalha em escola da Prefeitura de Penedo que alcan\u00e7ou bons resultados no \u00cdndice de Desenvolvimento da Educa\u00e7\u00e3o B\u00e1sica (Ideb) chega ao final de setembro com mais dinheiro no bolso. &nbsp; Al\u00e9m do sal\u00e1rio pago nesta quinta-feira, 29, para efetivos e contratados da Secretaria Municipal de Educa\u00e7\u00e3o (Semed), todos os servidores de cada unidade de &hellip;<\/p>\n","protected":false},"author":2,"featured_media":25228,"comment_status":"open","ping_status":"open","sticky":false,"template":"","format":"standard","meta":{"_jetpack_memberships_contains_paid_content":false,"footnotes":""},"categories":[1,3],"tags":[],"class_list":["post-25227","post","type-post","status-publish","format-standard","has-post-thumbnail","hentry","category-destaque","category-penedo"],"jetpack_featured_media_url":"https:\/\/www.oparanews.com.br\/wp-content\/uploads\/2022\/09\/escola-saeb-penedo.jpg","jetpack_sharing_enabled":true,"_links":{"self":[{"href":"https:\/\/www.oparanews.com.br\/index.php\/wp-json\/wp\/v2\/posts\/25227","targetHints":{"allow":["GET"]}}],"collection":[{"href":"https:\/\/www.oparanews.com.br\/index.php\/wp-json\/wp\/v2\/posts"}],"about":[{"href":"https:\/\/www.oparanews.com.br\/index.php\/wp-json\/wp\/v2\/types\/post"}],"author":[{"embeddable":true,"href":"https:\/\/www.oparanews.com.br\/index.php\/wp-json\/wp\/v2\/users\/2"}],"replies":[{"embeddable":true,"href":"https:\/\/www.oparanews.com.br\/index.php\/wp-json\/wp\/v2\/comments?post=25227"}],"version-history":[{"count":1,"href":"https:\/\/www.oparanews.com.br\/index.php\/wp-json\/wp\/v2\/posts\/25227\/revisions"}],"predecessor-version":[{"id":25229,"href":"https:\/\/www.oparanews.com.br\/index.php\/wp-json\/wp\/v2\/posts\/25227\/revisions\/25229"}],"wp:featuredmedia":[{"embeddable":true,"href":"https:\/\/www.oparanews.com.br\/index.php\/wp-json\/wp\/v2\/media\/25228"}],"wp:attachment":[{"href":"https:\/\/www.oparanews.com.br\/index.php\/wp-json\/wp\/v2\/media?parent=25227"}],"wp:term":[{"taxonomy":"category","embeddable":true,"href":"https:\/\/www.oparanews.com.br\/index.php\/wp-json\/wp\/v2\/categories?post=25227"},{"taxonomy":"post_tag","embeddable":true,"href":"https:\/\/www.oparanews.com.br\/index.php\/wp-json\/wp\/v2\/tags?post=25227"}],"curies":[{"name":"wp","href":"https:\/\/api.w.org\/{rel}","templated":true}]}}