{"id":25240,"date":"2022-09-30T10:25:02","date_gmt":"2022-09-30T13:25:02","guid":{"rendered":"https:\/\/www.oparanews.com.br\/?p=25240"},"modified":"2022-09-30T10:25:02","modified_gmt":"2022-09-30T13:25:02","slug":"concurso-da-prefeitura-de-penedo-tem-data-de-realizacao-das-provas-confirmada","status":"publish","type":"post","link":"https:\/\/www.oparanews.com.br\/index.php\/2022\/09\/30\/concurso-da-prefeitura-de-penedo-tem-data-de-realizacao-das-provas-confirmada\/","title":{"rendered":"Concurso da Prefeitura de Penedo tem data de realiza\u00e7\u00e3o das provas confirmada"},"content":{"rendered":"<p>A Prefeitura de Penedo, a Funda\u00e7\u00e3o Universit\u00e1ria de Desenvolvimento de Extens\u00e3o e Pesquisa (Fundepes) e o N\u00facleo Executivo de Processos Seletivos (Copeve), \u00f3rg\u00e3os da Universidade Federal de Alagoas, atualizaram a execu\u00e7\u00e3o do concurso para preenchimento de vagas nos quadros do funcionalismo municipal.<\/p>\n<p>&nbsp;<\/p>\n<p>O certame cuja execu\u00e7\u00e3o das provas objetivas foi suspensa pela pandemia de Covid e por recomenda\u00e7\u00e3o do Tribunal de Contas do Estado de Alagoas (TCE\/AL) aos munic\u00edpios sobre replanejamento de suas receitas e despesas, enquanto durasse a crise sanit\u00e1ria, sendo uma das medidas recomendadas a absten\u00e7\u00e3o de realiza\u00e7\u00e3o de concursos p\u00fablicos.<\/p>\n<p>&nbsp;<\/p>\n<p>A retomada promove adequa\u00e7\u00f5es de v\u00e1rios pontos do Concurso da Prefeitura de Penedo (<a href=\"http:\/\/www.copeve.ufal.br\/sistema\/anexos\/Concurso%20Publico%20de%20Penedo%20-%20Edital%2001-2020\/Edital%20n.01-2020%20-%20Republicado%20em%2030.09.2022.pdf\"><strong>confira aqui o edital atualizado<\/strong><\/a>), inclusive o dia de realiza\u00e7\u00e3o das provas objetivas.<\/p>\n<p>&nbsp;<\/p>\n<p>A data \u00e9 12 de fevereiro de 2023, definida para dar tempo h\u00e1bil aos candidatos retomarem os estudos, sobretudo em virtude da atualiza\u00e7\u00e3o do conte\u00fado program\u00e1tico de alguns cargos, por motivo de nova legisla\u00e7\u00e3o.<\/p>\n<p>&nbsp;<\/p>\n<p>A defini\u00e7\u00e3o para meados do segundo m\u00eas do pr\u00f3ximo ano considera a retomada das atividades de log\u00edstica, organiza\u00e7\u00e3o, constitui\u00e7\u00e3o de novas bancas elaboradoras de quest\u00f5es, elabora\u00e7\u00e3o e produ\u00e7\u00e3o das provas pelas institui\u00e7\u00f5es organizadoras.<\/p>\n<p>&nbsp;<\/p>\n<p>Vale ressaltar que as etapas j\u00e1 realizadas, a exemplo do per\u00edodo de inscri\u00e7\u00f5es e pedido de isen\u00e7\u00e3o de taxa de inscri\u00e7\u00e3o n\u00e3o ser\u00e3o retomadas porque j\u00e1 foram realizadas.<\/p>\n<p>&nbsp;<\/p>\n<p>Sobre os requerimentos de atendimento especial para realiza\u00e7\u00e3o das provas objetivas, h\u00e1 prazo complementar aberto para envio da solicita\u00e7\u00e3o, uma vez que pode se tratar tanto de condi\u00e7\u00f5es de defici\u00eancia e\/ou condi\u00e7\u00f5es em car\u00e1ter transit\u00f3rio, a exemplo de candidata que precise amamentar, ou pessoa com dificuldade de locomo\u00e7\u00e3o.<\/p>\n<p>&nbsp;<\/p>\n<p>Considerando ainda que o concurso n\u00e3o foi cancelado, mas apenas suspenso e est\u00e1 sendo retomado, n\u00e3o ser\u00e1 realizada devolu\u00e7\u00e3o de taxa de inscri\u00e7\u00e3o aos candidatos.<\/p>\n<p>&nbsp;<\/p>\n<p>Eventuais d\u00favidas ou esclarecimentos adicionais, os candidatos poder\u00e3o enviar \u00e0 Unidade de Concursos da FUNDEPES, pelos canais de comunica\u00e7\u00e3o: candidatos@fundepes.br ou pelo telefone (82) 2122-5327, das 8h \u00e0s 12h e das 13h \u00e0s 17h (exceto s\u00e1bados, domingos e feriados).<\/p>\n<p>&nbsp;<\/p>\n<p>&nbsp;<\/p>\n<p>&nbsp;<\/p>\n<p><strong>Fonte: Secom PMP<\/strong><\/p>\n<p>&nbsp;<\/p>\n","protected":false},"excerpt":{"rendered":"<p>A Prefeitura de Penedo, a Funda\u00e7\u00e3o Universit\u00e1ria de Desenvolvimento de Extens\u00e3o e Pesquisa (Fundepes) e o N\u00facleo Executivo de Processos Seletivos (Copeve), \u00f3rg\u00e3os da Universidade Federal de Alagoas, atualizaram a execu\u00e7\u00e3o do concurso para preenchimento de vagas nos quadros do funcionalismo municipal. &nbsp; O certame cuja execu\u00e7\u00e3o das provas objetivas foi suspensa pela pandemia de &hellip;<\/p>\n","protected":false},"author":2,"featured_media":25241,"comment_status":"open","ping_status":"open","sticky":false,"template":"","format":"standard","meta":{"_jetpack_memberships_contains_paid_content":false,"footnotes":""},"categories":[1,3],"tags":[],"class_list":["post-25240","post","type-post","status-publish","format-standard","has-post-thumbnail","hentry","category-destaque","category-penedo"],"jetpack_featured_media_url":"https:\/\/www.oparanews.com.br\/wp-content\/uploads\/2022\/09\/card-concurso-penedo.jpg","jetpack_sharing_enabled":true,"_links":{"self":[{"href":"https:\/\/www.oparanews.com.br\/index.php\/wp-json\/wp\/v2\/posts\/25240","targetHints":{"allow":["GET"]}}],"collection":[{"href":"https:\/\/www.oparanews.com.br\/index.php\/wp-json\/wp\/v2\/posts"}],"about":[{"href":"https:\/\/www.oparanews.com.br\/index.php\/wp-json\/wp\/v2\/types\/post"}],"author":[{"embeddable":true,"href":"https:\/\/www.oparanews.com.br\/index.php\/wp-json\/wp\/v2\/users\/2"}],"replies":[{"embeddable":true,"href":"https:\/\/www.oparanews.com.br\/index.php\/wp-json\/wp\/v2\/comments?post=25240"}],"version-history":[{"count":1,"href":"https:\/\/www.oparanews.com.br\/index.php\/wp-json\/wp\/v2\/posts\/25240\/revisions"}],"predecessor-version":[{"id":25242,"href":"https:\/\/www.oparanews.com.br\/index.php\/wp-json\/wp\/v2\/posts\/25240\/revisions\/25242"}],"wp:featuredmedia":[{"embeddable":true,"href":"https:\/\/www.oparanews.com.br\/index.php\/wp-json\/wp\/v2\/media\/25241"}],"wp:attachment":[{"href":"https:\/\/www.oparanews.com.br\/index.php\/wp-json\/wp\/v2\/media?parent=25240"}],"wp:term":[{"taxonomy":"category","embeddable":true,"href":"https:\/\/www.oparanews.com.br\/index.php\/wp-json\/wp\/v2\/categories?post=25240"},{"taxonomy":"post_tag","embeddable":true,"href":"https:\/\/www.oparanews.com.br\/index.php\/wp-json\/wp\/v2\/tags?post=25240"}],"curies":[{"name":"wp","href":"https:\/\/api.w.org\/{rel}","templated":true}]}}