{"id":25243,"date":"2022-09-30T22:16:36","date_gmt":"2022-10-01T01:16:36","guid":{"rendered":"https:\/\/www.oparanews.com.br\/?p=25243"},"modified":"2022-09-30T22:16:36","modified_gmt":"2022-10-01T01:16:36","slug":"candidato-a-deputado-estadual-guilherme-lopes-realiza-caminhada-historica-em-penedo","status":"publish","type":"post","link":"https:\/\/www.oparanews.com.br\/index.php\/2022\/09\/30\/candidato-a-deputado-estadual-guilherme-lopes-realiza-caminhada-historica-em-penedo\/","title":{"rendered":"Candidato a Deputado Estadual Guilherme Lopes realiza caminhada hist\u00f3rica em Penedo"},"content":{"rendered":"<p>O dia 29 entrou para a hist\u00f3ria de Penedo. O motivo \u00e9 a grande caminhada realizada por um candidato pol\u00edtico ao cargo de Deputado Estadual em campanha na cidade, demonstra\u00e7\u00e3o incontest\u00e1vel do apoio popular para o penedense Guilherme Lopes.<\/p>\n<p>&nbsp;<\/p>\n<p>Do ponto de concentra\u00e7\u00e3o, na Pra\u00e7a S\u00e3o Judas Tadeu, at\u00e9 o local do com\u00edcio, no Barro Vermelho, milhares de pessoas acompanharam o jovem ao lado do tamb\u00e9m candidato ao cargo de Deputado Federal Luciano Amaral e o Prefeito Ronaldo Lopes.<\/p>\n<p>&nbsp;<\/p>\n<p>Todos os presentes deram demonstra\u00e7\u00f5es de apoio a Guilherme, mostrando a certeza da vit\u00f3ria. Vestindo a camisa com slogan \u201cAlagoas Agora Tem Vez\u201d, ribeirinhos destacaram a import\u00e2ncia de elegerem o filho de Penedo no dia 02 de outubro, pois \u00e9 o nome que vai representar os penedenses na c\u00e2mara legislativa. \u201cPrecisamos de representante e participar dessa linda caminhada \u00e9 a demonstra\u00e7\u00e3o da certeza do meu voto em Guilherme. E ver essa multid\u00e3o alegra meu cora\u00e7\u00e3o, pois a vit\u00f3ria vem\u201d, ressalta Jorge Gon\u00e7alves.<\/p>\n<p>&nbsp;<\/p>\n<p>Em publica\u00e7\u00e3o nas redes sociais, Guilherme agradeceu todo o carinho que recebeu da popula\u00e7\u00e3o, \u2018\u2019Que satisfa\u00e7\u00e3o enorme viver esse dia e essa caminhada com cada um de voc\u00eas! Obrigado de cora\u00e7\u00e3o pela presen\u00e7a de cada um que tem apoiado esse projeto. Junto com o prefeito Ronaldo Lopes, o futuro deputado federal Luciano Amaral e grandes lideran\u00e7as da nossa regi\u00e3o, levamos para as ruas de Penedo uma grande multid\u00e3o\u2019\u2019.<\/p>\n<p><a href=\"http:\/\/www.oparanews.com.br\/wp-content\/uploads\/2022\/09\/DSDS.jpeg\"><img loading=\"lazy\" decoding=\"async\" class=\"aligncenter size-full wp-image-25245\" src=\"http:\/\/www.oparanews.com.br\/wp-content\/uploads\/2022\/09\/DSDS.jpeg\" alt=\"\" width=\"1065\" height=\"710\" srcset=\"https:\/\/www.oparanews.com.br\/wp-content\/uploads\/2022\/09\/DSDS.jpeg 1065w, https:\/\/www.oparanews.com.br\/wp-content\/uploads\/2022\/09\/DSDS-300x200.jpeg 300w, https:\/\/www.oparanews.com.br\/wp-content\/uploads\/2022\/09\/DSDS-1024x683.jpeg 1024w, https:\/\/www.oparanews.com.br\/wp-content\/uploads\/2022\/09\/DSDS-768x512.jpeg 768w\" sizes=\"auto, (max-width: 1065px) 100vw, 1065px\" \/><\/a><\/p>\n<p>Luciano Amaral, candidato a Deputado Federal com n\u00famero 4343, tamb\u00e9m foi ovacionado pelos eleitores e reafirmou seu compromisso em trabalhar pelo munic\u00edpio, \u2018\u2019nossa caminhada em Penedo foi linda, prometo fazer muito por Penedo. S\u00f3 gratid\u00e3o pelo povo ribeirinho\u201d, finalizou.<\/p>\n<p>&nbsp;<\/p>\n<p>O Prefeito de Penedo, Ronaldo Lopes aproveitou o com\u00edcio para falar sobre a import\u00e2ncia e os benef\u00edcios da vit\u00f3ria de Guilherme e Luciano para Penedo, \u2018\u2019Eles s\u00e3o duas pessoas comprometidas e preparadas para representar o povo penedense na Assembleia Legislativa e na C\u00e2mara dos Deputados. Com certeza, ajudar\u00e3o nossa cidade a se desenvolver\u2019\u2019.<\/p>\n<p>&nbsp;<\/p>\n<p>Faltando 03 dias para as elei\u00e7\u00f5es, Guilherme Lopes, 15888, \u00e9 nome considerado como certo para representar Penedo como Deputado Estadual.<\/p>\n<p>&nbsp;<\/p>\n<p>&nbsp;<\/p>\n<p>&nbsp;<\/p>\n<p><strong>Fonte: Boa Informa\u00e7\u00e3o<\/strong><\/p>\n<p>&nbsp;<\/p>\n","protected":false},"excerpt":{"rendered":"<p>O dia 29 entrou para a hist\u00f3ria de Penedo. O motivo \u00e9 a grande caminhada realizada por um candidato pol\u00edtico ao cargo de Deputado Estadual em campanha na cidade, demonstra\u00e7\u00e3o incontest\u00e1vel do apoio popular para o penedense Guilherme Lopes. &nbsp; Do ponto de concentra\u00e7\u00e3o, na Pra\u00e7a S\u00e3o Judas Tadeu, at\u00e9 o local do com\u00edcio, no &hellip;<\/p>\n","protected":false},"author":2,"featured_media":25244,"comment_status":"open","ping_status":"open","sticky":false,"template":"","format":"standard","meta":{"_jetpack_memberships_contains_paid_content":false,"footnotes":""},"categories":[1,3],"tags":[],"class_list":["post-25243","post","type-post","status-publish","format-standard","has-post-thumbnail","hentry","category-destaque","category-penedo"],"jetpack_featured_media_url":"https:\/\/www.oparanews.com.br\/wp-content\/uploads\/2022\/09\/GUIIIII.jpeg","jetpack_sharing_enabled":true,"_links":{"self":[{"href":"https:\/\/www.oparanews.com.br\/index.php\/wp-json\/wp\/v2\/posts\/25243","targetHints":{"allow":["GET"]}}],"collection":[{"href":"https:\/\/www.oparanews.com.br\/index.php\/wp-json\/wp\/v2\/posts"}],"about":[{"href":"https:\/\/www.oparanews.com.br\/index.php\/wp-json\/wp\/v2\/types\/post"}],"author":[{"embeddable":true,"href":"https:\/\/www.oparanews.com.br\/index.php\/wp-json\/wp\/v2\/users\/2"}],"replies":[{"embeddable":true,"href":"https:\/\/www.oparanews.com.br\/index.php\/wp-json\/wp\/v2\/comments?post=25243"}],"version-history":[{"count":1,"href":"https:\/\/www.oparanews.com.br\/index.php\/wp-json\/wp\/v2\/posts\/25243\/revisions"}],"predecessor-version":[{"id":25246,"href":"https:\/\/www.oparanews.com.br\/index.php\/wp-json\/wp\/v2\/posts\/25243\/revisions\/25246"}],"wp:featuredmedia":[{"embeddable":true,"href":"https:\/\/www.oparanews.com.br\/index.php\/wp-json\/wp\/v2\/media\/25244"}],"wp:attachment":[{"href":"https:\/\/www.oparanews.com.br\/index.php\/wp-json\/wp\/v2\/media?parent=25243"}],"wp:term":[{"taxonomy":"category","embeddable":true,"href":"https:\/\/www.oparanews.com.br\/index.php\/wp-json\/wp\/v2\/categories?post=25243"},{"taxonomy":"post_tag","embeddable":true,"href":"https:\/\/www.oparanews.com.br\/index.php\/wp-json\/wp\/v2\/tags?post=25243"}],"curies":[{"name":"wp","href":"https:\/\/api.w.org\/{rel}","templated":true}]}}