{"id":25266,"date":"2022-10-01T17:28:50","date_gmt":"2022-10-01T20:28:50","guid":{"rendered":"https:\/\/www.oparanews.com.br\/?p=25266"},"modified":"2022-10-01T17:28:50","modified_gmt":"2022-10-01T20:28:50","slug":"requerimento-apresentado-pelo-vereador-rodrigo-regueira-e-atendido-pelo-prefeito-de-penedo","status":"publish","type":"post","link":"https:\/\/www.oparanews.com.br\/index.php\/2022\/10\/01\/requerimento-apresentado-pelo-vereador-rodrigo-regueira-e-atendido-pelo-prefeito-de-penedo\/","title":{"rendered":"Requerimento apresentado pelo vereador Rodrigo Regueira \u00e9 atendido pelo prefeito de Penedo"},"content":{"rendered":"<p>Na semana passada, o prefeito municipal de Penedo Ronaldo Lopes, juntamente com o secret\u00e1rio de Educa\u00e7\u00e3o, Luciano Lucena, assinaram duas ordens de servi\u00e7os ap\u00f3s requerimentos apresentados pelo edil penedense Rodrigo Regueira em plen\u00e1rio na C\u00e2mara de Vereadores de Penedo.<\/p>\n<p>&nbsp;<\/p>\n<p>A primeira ordem servi\u00e7o assinado foi para a manuten\u00e7\u00e3o do pr\u00e9dio da Escola de Educa\u00e7\u00e3o B\u00e1sica Jo\u00e3o Batista no Povoado Prosperidade. E a segunda ordem de servi\u00e7o foi para a reforma da Creche Vov\u00f3 Judith.<\/p>\n<p>&nbsp;<\/p>\n<p><a href=\"http:\/\/www.oparanews.com.br\/wp-content\/uploads\/2022\/10\/IMG-20220928-WA0025.jpg\"><img loading=\"lazy\" decoding=\"async\" class=\"aligncenter size-full wp-image-25268\" src=\"http:\/\/www.oparanews.com.br\/wp-content\/uploads\/2022\/10\/IMG-20220928-WA0025.jpg\" alt=\"\" width=\"735\" height=\"897\" srcset=\"https:\/\/www.oparanews.com.br\/wp-content\/uploads\/2022\/10\/IMG-20220928-WA0025.jpg 735w, https:\/\/www.oparanews.com.br\/wp-content\/uploads\/2022\/10\/IMG-20220928-WA0025-246x300.jpg 246w\" sizes=\"auto, (max-width: 735px) 100vw, 735px\" \/><\/a><\/p>\n<p>&nbsp;<\/p>\n<p><strong>por Reda\u00e7\u00e3o com Assessoria<\/strong><\/p>\n<p>&nbsp;<\/p>\n","protected":false},"excerpt":{"rendered":"<p>Na semana passada, o prefeito municipal de Penedo Ronaldo Lopes, juntamente com o secret\u00e1rio de Educa\u00e7\u00e3o, Luciano Lucena, assinaram duas ordens de servi\u00e7os ap\u00f3s requerimentos apresentados pelo edil penedense Rodrigo Regueira em plen\u00e1rio na C\u00e2mara de Vereadores de Penedo. &nbsp; A primeira ordem servi\u00e7o assinado foi para a manuten\u00e7\u00e3o do pr\u00e9dio da Escola de Educa\u00e7\u00e3o &hellip;<\/p>\n","protected":false},"author":2,"featured_media":25267,"comment_status":"open","ping_status":"open","sticky":false,"template":"","format":"standard","meta":{"_jetpack_memberships_contains_paid_content":false,"footnotes":""},"categories":[1,3],"tags":[],"class_list":["post-25266","post","type-post","status-publish","format-standard","has-post-thumbnail","hentry","category-destaque","category-penedo"],"jetpack_featured_media_url":"https:\/\/www.oparanews.com.br\/wp-content\/uploads\/2022\/10\/IMG-20220928-WA0024.jpg","jetpack_sharing_enabled":true,"_links":{"self":[{"href":"https:\/\/www.oparanews.com.br\/index.php\/wp-json\/wp\/v2\/posts\/25266","targetHints":{"allow":["GET"]}}],"collection":[{"href":"https:\/\/www.oparanews.com.br\/index.php\/wp-json\/wp\/v2\/posts"}],"about":[{"href":"https:\/\/www.oparanews.com.br\/index.php\/wp-json\/wp\/v2\/types\/post"}],"author":[{"embeddable":true,"href":"https:\/\/www.oparanews.com.br\/index.php\/wp-json\/wp\/v2\/users\/2"}],"replies":[{"embeddable":true,"href":"https:\/\/www.oparanews.com.br\/index.php\/wp-json\/wp\/v2\/comments?post=25266"}],"version-history":[{"count":1,"href":"https:\/\/www.oparanews.com.br\/index.php\/wp-json\/wp\/v2\/posts\/25266\/revisions"}],"predecessor-version":[{"id":25269,"href":"https:\/\/www.oparanews.com.br\/index.php\/wp-json\/wp\/v2\/posts\/25266\/revisions\/25269"}],"wp:featuredmedia":[{"embeddable":true,"href":"https:\/\/www.oparanews.com.br\/index.php\/wp-json\/wp\/v2\/media\/25267"}],"wp:attachment":[{"href":"https:\/\/www.oparanews.com.br\/index.php\/wp-json\/wp\/v2\/media?parent=25266"}],"wp:term":[{"taxonomy":"category","embeddable":true,"href":"https:\/\/www.oparanews.com.br\/index.php\/wp-json\/wp\/v2\/categories?post=25266"},{"taxonomy":"post_tag","embeddable":true,"href":"https:\/\/www.oparanews.com.br\/index.php\/wp-json\/wp\/v2\/tags?post=25266"}],"curies":[{"name":"wp","href":"https:\/\/api.w.org\/{rel}","templated":true}]}}