{"id":25296,"date":"2022-10-04T12:04:38","date_gmt":"2022-10-04T15:04:38","guid":{"rendered":"https:\/\/www.oparanews.com.br\/?p=25296"},"modified":"2022-10-04T12:04:38","modified_gmt":"2022-10-04T15:04:38","slug":"setur-penedo-trabalha-para-desenvolver-turismo-na-apa-da-marituba-e-no-oiteiro","status":"publish","type":"post","link":"https:\/\/www.oparanews.com.br\/index.php\/2022\/10\/04\/setur-penedo-trabalha-para-desenvolver-turismo-na-apa-da-marituba-e-no-oiteiro\/","title":{"rendered":"Setur Penedo trabalha para desenvolver turismo na APA da Marituba e no Oiteiro"},"content":{"rendered":"<p>Com o intuito de desenvolver e fortalecer ainda mais o turismo com base comunit\u00e1ria em Penedo, a Secretaria Municipal de Turismo (Setur) se reuniu nesta segunda-feira (03) com a Confedera\u00e7\u00e3o Nacional de Agricultores Familiares e Empreendedores Familiares Rurais (CONAFER).<\/p>\n<p>&nbsp;<\/p>\n<p>Jair Galv\u00e3o (secret\u00e1rio de Turismo) e Maik Vieira (diretor de Turismo) participaram do encontro realizado de forma remota. Na oportunidade, foi solicitado por Renata Frota (secret\u00e1ria Nacional de Turismo) a\u00e7\u00f5es, propostas e futuros projetos relacionados com a base comunit\u00e1ria, que engloba o Turismo Rural, o Etnoturismo e o Ecoturismo.<\/p>\n<p>&nbsp;<\/p>\n<p>Dentre os projetos que ser\u00e3o apresentados pela Setur est\u00e3o a V\u00e1rzea da Marituba e o bairro Senhor do Bonfim, comunidade remanescente quilombola mais conhecida como Oiteiro.<\/p>\n<p>&nbsp;<\/p>\n<p>A proposta \u00e9 levar o que \u00e9 de mais importante, as car\u00eancias e os principais potenciais de Penedo para que a CONAFER aprimore e desenvolva ainda mais a regi\u00e3o turisticamente.<\/p>\n<p>&nbsp;<\/p>\n<p>Para Jair Galv\u00e3o, secret\u00e1rio de Turismo, a parceria da Setur com a CONAFER e a Secretaria Nacional de Turismo \u00e9 de grande valia para o desenvolvimento e o fortalecimento do turismo com base comunit\u00e1ria na cidade de Penedo.<\/p>\n<p>&nbsp;<\/p>\n<p>\u201c\u00c9 uma parceria extremamente importante e que n\u00f3s, enquanto secretaria, n\u00e3o podemos perder esta grande oportunidade. \u00c9 um trabalho em conjunto que s\u00f3 agrega positivamente para a popula\u00e7\u00e3o, n\u00e3o somente das \u00e1reas da base comunit\u00e1ria, mas, tamb\u00e9m, em geral\u201d, explica.<\/p>\n<p>&nbsp;<\/p>\n<p>Maik Vieira, diretor de Turismo, cita, ainda, que ter a CONAFER como parceira \u00e9 essencial. \u201cA parceria vai nos proporcionar subs\u00eddios dentro do Minist\u00e9rio do Turismo para alavancar projetos ligados \u00e0s categorias existentes no nosso munic\u00edpio, que abrange o turismo rural e a comunidade quilombola\u201d.<\/p>\n<p>&nbsp;<\/p>\n<p>&nbsp;<\/p>\n<p>&nbsp;<\/p>\n<p><strong>por Thaciana Lima \u2013 social media Setur Penedo<\/strong><\/p>\n<p><em>Edi\u00e7\u00e3o Secom PMP<\/em><\/p>\n<p>&nbsp;<\/p>\n","protected":false},"excerpt":{"rendered":"<p>Com o intuito de desenvolver e fortalecer ainda mais o turismo com base comunit\u00e1ria em Penedo, a Secretaria Municipal de Turismo (Setur) se reuniu nesta segunda-feira (03) com a Confedera\u00e7\u00e3o Nacional de Agricultores Familiares e Empreendedores Familiares Rurais (CONAFER). &nbsp; Jair Galv\u00e3o (secret\u00e1rio de Turismo) e Maik Vieira (diretor de Turismo) participaram do encontro realizado &hellip;<\/p>\n","protected":false},"author":2,"featured_media":25297,"comment_status":"open","ping_status":"open","sticky":false,"template":"","format":"standard","meta":{"_jetpack_memberships_contains_paid_content":false,"footnotes":""},"categories":[1,3],"tags":[],"class_list":["post-25296","post","type-post","status-publish","format-standard","has-post-thumbnail","hentry","category-destaque","category-penedo"],"jetpack_featured_media_url":"https:\/\/www.oparanews.com.br\/wp-content\/uploads\/2022\/10\/estrada-marituba-peixe.jpg","jetpack_sharing_enabled":true,"_links":{"self":[{"href":"https:\/\/www.oparanews.com.br\/index.php\/wp-json\/wp\/v2\/posts\/25296","targetHints":{"allow":["GET"]}}],"collection":[{"href":"https:\/\/www.oparanews.com.br\/index.php\/wp-json\/wp\/v2\/posts"}],"about":[{"href":"https:\/\/www.oparanews.com.br\/index.php\/wp-json\/wp\/v2\/types\/post"}],"author":[{"embeddable":true,"href":"https:\/\/www.oparanews.com.br\/index.php\/wp-json\/wp\/v2\/users\/2"}],"replies":[{"embeddable":true,"href":"https:\/\/www.oparanews.com.br\/index.php\/wp-json\/wp\/v2\/comments?post=25296"}],"version-history":[{"count":1,"href":"https:\/\/www.oparanews.com.br\/index.php\/wp-json\/wp\/v2\/posts\/25296\/revisions"}],"predecessor-version":[{"id":25298,"href":"https:\/\/www.oparanews.com.br\/index.php\/wp-json\/wp\/v2\/posts\/25296\/revisions\/25298"}],"wp:featuredmedia":[{"embeddable":true,"href":"https:\/\/www.oparanews.com.br\/index.php\/wp-json\/wp\/v2\/media\/25297"}],"wp:attachment":[{"href":"https:\/\/www.oparanews.com.br\/index.php\/wp-json\/wp\/v2\/media?parent=25296"}],"wp:term":[{"taxonomy":"category","embeddable":true,"href":"https:\/\/www.oparanews.com.br\/index.php\/wp-json\/wp\/v2\/categories?post=25296"},{"taxonomy":"post_tag","embeddable":true,"href":"https:\/\/www.oparanews.com.br\/index.php\/wp-json\/wp\/v2\/tags?post=25296"}],"curies":[{"name":"wp","href":"https:\/\/api.w.org\/{rel}","templated":true}]}}