{"id":25306,"date":"2022-10-05T13:54:37","date_gmt":"2022-10-05T16:54:37","guid":{"rendered":"https:\/\/www.oparanews.com.br\/?p=25306"},"modified":"2022-10-05T13:54:37","modified_gmt":"2022-10-05T16:54:37","slug":"prefeitura-de-penedo-realiza-servicos-de-manutencao-nas-escolas-da-semed","status":"publish","type":"post","link":"https:\/\/www.oparanews.com.br\/index.php\/2022\/10\/05\/prefeitura-de-penedo-realiza-servicos-de-manutencao-nas-escolas-da-semed\/","title":{"rendered":"Prefeitura de Penedo realiza servi\u00e7os de manuten\u00e7\u00e3o nas escolas da Semed"},"content":{"rendered":"<p>Todo im\u00f3vel precisa de manuten\u00e7\u00e3o para evitar despesas que podem ser evitadas, medida de preven\u00e7\u00e3o que o governo Ronaldo Lopes desenvolve para preservar o patrim\u00f4nio p\u00fablico penedense.<\/p>\n<p>&nbsp;<\/p>\n<p>As a\u00e7\u00f5es realizadas nas ruas, pra\u00e7as, estradas, monumentos e pr\u00e9dios p\u00fablicos t\u00eam aten\u00e7\u00e3o especial da Secretaria Municipal de Educa\u00e7\u00e3o (Semed). Em todas as unidades da rede, o Programa Repara\u00e7\u00e3o Na Escola atua de forma permanente.<\/p>\n<p>&nbsp;<\/p>\n<p>Nesta quarta-feira, 05, a equipe da Semed fez os devidos reparos na Escola Municipal Bar\u00e3o de Penedo, localizada no bairro Santa Isabel, mais conhecido como Cacimbinhas.<\/p>\n<p>&nbsp;<\/p>\n<p>\u201cA Prefeitura de Penedo investiu muitos recursos na estrutura f\u00edsica das escolas da Semed e esse trabalho de preven\u00e7\u00e3o faz com que as condi\u00e7\u00f5es ofertadas continuem sendo dignas para estudantes e servidores\u201d, explica o gestor da Semed, Luciano Barros Lucena.<\/p>\n<p>&nbsp;<\/p>\n<p>Al\u00e9m dos servi\u00e7os gerais de pintura, reparos nas redes el\u00e9trica e hidr\u00e1ulica, manuten\u00e7\u00e3o de equipamentos, as unidades de ensino est\u00e3o sendo contempladas com subesta\u00e7\u00e3o de energia el\u00e9trica para a devida climatiza\u00e7\u00e3o das salas de aula e \u00e1reas administrativas.<\/p>\n<p>&nbsp;<\/p>\n<p>O transformador da Escola Bar\u00e3o de Penedo j\u00e1 est\u00e1 instalado, avan\u00e7o que tamb\u00e9m existe na rec\u00e9m-inaugurada Escola Isabel Cristina Toledo e em processo de instala\u00e7\u00e3o na EMEB Professor Wilton Lisboa Lucena.<\/p>\n<p>&nbsp;<\/p>\n<p>A Escola Costa Mangabeira \u00e9 a pr\u00f3xima beneficiada com mais um investimento realizado com recursos pr\u00f3prios do munic\u00edpio pelo Prefeito Ronaldo Lopes, gestor da administra\u00e7\u00e3o que trabalha para toda atender toda a popula\u00e7\u00e3o de Penedo.<\/p>\n<p>&nbsp;<\/p>\n<p>&nbsp;<\/p>\n<p>&nbsp;<\/p>\n<p><strong>por Fernando Vin\u00edcius &#8211; Secom PMP<\/strong><\/p>\n<p>&nbsp;<\/p>\n","protected":false},"excerpt":{"rendered":"<p>Todo im\u00f3vel precisa de manuten\u00e7\u00e3o para evitar despesas que podem ser evitadas, medida de preven\u00e7\u00e3o que o governo Ronaldo Lopes desenvolve para preservar o patrim\u00f4nio p\u00fablico penedense. &nbsp; As a\u00e7\u00f5es realizadas nas ruas, pra\u00e7as, estradas, monumentos e pr\u00e9dios p\u00fablicos t\u00eam aten\u00e7\u00e3o especial da Secretaria Municipal de Educa\u00e7\u00e3o (Semed). Em todas as unidades da rede, o &hellip;<\/p>\n","protected":false},"author":2,"featured_media":25307,"comment_status":"open","ping_status":"open","sticky":false,"template":"","format":"standard","meta":{"_jetpack_memberships_contains_paid_content":false,"footnotes":""},"categories":[1,3],"tags":[],"class_list":["post-25306","post","type-post","status-publish","format-standard","has-post-thumbnail","hentry","category-destaque","category-penedo"],"jetpack_featured_media_url":"https:\/\/www.oparanews.com.br\/wp-content\/uploads\/2022\/10\/penedo-semed-programa-reparar-foto-deywisson-duarte-3.jpeg","jetpack_sharing_enabled":true,"_links":{"self":[{"href":"https:\/\/www.oparanews.com.br\/index.php\/wp-json\/wp\/v2\/posts\/25306","targetHints":{"allow":["GET"]}}],"collection":[{"href":"https:\/\/www.oparanews.com.br\/index.php\/wp-json\/wp\/v2\/posts"}],"about":[{"href":"https:\/\/www.oparanews.com.br\/index.php\/wp-json\/wp\/v2\/types\/post"}],"author":[{"embeddable":true,"href":"https:\/\/www.oparanews.com.br\/index.php\/wp-json\/wp\/v2\/users\/2"}],"replies":[{"embeddable":true,"href":"https:\/\/www.oparanews.com.br\/index.php\/wp-json\/wp\/v2\/comments?post=25306"}],"version-history":[{"count":1,"href":"https:\/\/www.oparanews.com.br\/index.php\/wp-json\/wp\/v2\/posts\/25306\/revisions"}],"predecessor-version":[{"id":25308,"href":"https:\/\/www.oparanews.com.br\/index.php\/wp-json\/wp\/v2\/posts\/25306\/revisions\/25308"}],"wp:featuredmedia":[{"embeddable":true,"href":"https:\/\/www.oparanews.com.br\/index.php\/wp-json\/wp\/v2\/media\/25307"}],"wp:attachment":[{"href":"https:\/\/www.oparanews.com.br\/index.php\/wp-json\/wp\/v2\/media?parent=25306"}],"wp:term":[{"taxonomy":"category","embeddable":true,"href":"https:\/\/www.oparanews.com.br\/index.php\/wp-json\/wp\/v2\/categories?post=25306"},{"taxonomy":"post_tag","embeddable":true,"href":"https:\/\/www.oparanews.com.br\/index.php\/wp-json\/wp\/v2\/tags?post=25306"}],"curies":[{"name":"wp","href":"https:\/\/api.w.org\/{rel}","templated":true}]}}