{"id":25348,"date":"2022-10-09T19:54:10","date_gmt":"2022-10-09T22:54:10","guid":{"rendered":"https:\/\/www.oparanews.com.br\/?p=25348"},"modified":"2022-10-09T19:54:10","modified_gmt":"2022-10-09T22:54:10","slug":"vereador-bili-marques-destaca-posicao-de-penedo-no-programa-previne-brasil","status":"publish","type":"post","link":"https:\/\/www.oparanews.com.br\/index.php\/2022\/10\/09\/vereador-bili-marques-destaca-posicao-de-penedo-no-programa-previne-brasil\/","title":{"rendered":"Vereador Bili Marques destaca posi\u00e7\u00e3o de Penedo no Programa Previne Brasil"},"content":{"rendered":"<p>Com a retomada das atividades no plen\u00e1rio legislativo, ap\u00f3s o 1\u00ba turno das elei\u00e7\u00f5es gerais de 2022, o Vereador Bili Marques destacou o clima de tranquilidade em Penedo e a democracia se sobressaindo no exerc\u00edcio da cidadania.<\/p>\n<p>&nbsp;<\/p>\n<p>Al\u00e9m disso, o l\u00edder do governo destacou o excelente posicionamento do munic\u00edpio no programa Previne Brasil.<\/p>\n<p>&nbsp;<\/p>\n<p>Da quinta posi\u00e7\u00e3o entre todos os munic\u00edpios de m\u00e9dio porte do Brasil, Penedo avan\u00e7ou para o 3\u00ba lugar entre as cidades com at\u00e9 100 mil habitantes.<\/p>\n<p>&nbsp;<\/p>\n<p>A informa\u00e7\u00e3o foi passada por representantes do Minist\u00e9rio da Sa\u00fade horas antes da sess\u00e3o realizada na tarde de quinta-feira, 06, durante inspe\u00e7\u00e3o do \u00f3rg\u00e3o federal na cidade que supera as metas do Minist\u00e9rio da Sa\u00fade nos sete indicadores do Previne Brasil, pontos avaliados a cada quatro meses.<\/p>\n<p>&nbsp;<\/p>\n<p>&nbsp;<\/p>\n<p><strong>Fonte: Ascom CMP<\/strong><!--\/data\/user\/0\/com.samsung.android.app.notes\/files\/clipdata\/clipdata_bodytext_221009_195132_903.sdocx--><\/p>\n<p>&nbsp;<\/p>\n","protected":false},"excerpt":{"rendered":"<p>Com a retomada das atividades no plen\u00e1rio legislativo, ap\u00f3s o 1\u00ba turno das elei\u00e7\u00f5es gerais de 2022, o Vereador Bili Marques destacou o clima de tranquilidade em Penedo e a democracia se sobressaindo no exerc\u00edcio da cidadania. &nbsp; Al\u00e9m disso, o l\u00edder do governo destacou o excelente posicionamento do munic\u00edpio no programa Previne Brasil. &nbsp; &hellip;<\/p>\n","protected":false},"author":2,"featured_media":25078,"comment_status":"open","ping_status":"open","sticky":false,"template":"","format":"standard","meta":{"_jetpack_memberships_contains_paid_content":false,"footnotes":""},"categories":[1,3],"tags":[],"class_list":["post-25348","post","type-post","status-publish","format-standard","has-post-thumbnail","hentry","category-destaque","category-penedo"],"jetpack_featured_media_url":"https:\/\/www.oparanews.com.br\/wp-content\/uploads\/2022\/09\/billi-marques.png","jetpack_sharing_enabled":true,"_links":{"self":[{"href":"https:\/\/www.oparanews.com.br\/index.php\/wp-json\/wp\/v2\/posts\/25348","targetHints":{"allow":["GET"]}}],"collection":[{"href":"https:\/\/www.oparanews.com.br\/index.php\/wp-json\/wp\/v2\/posts"}],"about":[{"href":"https:\/\/www.oparanews.com.br\/index.php\/wp-json\/wp\/v2\/types\/post"}],"author":[{"embeddable":true,"href":"https:\/\/www.oparanews.com.br\/index.php\/wp-json\/wp\/v2\/users\/2"}],"replies":[{"embeddable":true,"href":"https:\/\/www.oparanews.com.br\/index.php\/wp-json\/wp\/v2\/comments?post=25348"}],"version-history":[{"count":1,"href":"https:\/\/www.oparanews.com.br\/index.php\/wp-json\/wp\/v2\/posts\/25348\/revisions"}],"predecessor-version":[{"id":25349,"href":"https:\/\/www.oparanews.com.br\/index.php\/wp-json\/wp\/v2\/posts\/25348\/revisions\/25349"}],"wp:featuredmedia":[{"embeddable":true,"href":"https:\/\/www.oparanews.com.br\/index.php\/wp-json\/wp\/v2\/media\/25078"}],"wp:attachment":[{"href":"https:\/\/www.oparanews.com.br\/index.php\/wp-json\/wp\/v2\/media?parent=25348"}],"wp:term":[{"taxonomy":"category","embeddable":true,"href":"https:\/\/www.oparanews.com.br\/index.php\/wp-json\/wp\/v2\/categories?post=25348"},{"taxonomy":"post_tag","embeddable":true,"href":"https:\/\/www.oparanews.com.br\/index.php\/wp-json\/wp\/v2\/tags?post=25348"}],"curies":[{"name":"wp","href":"https:\/\/api.w.org\/{rel}","templated":true}]}}