{"id":25371,"date":"2022-10-11T23:42:21","date_gmt":"2022-10-12T02:42:21","guid":{"rendered":"https:\/\/www.oparanews.com.br\/?p=25371"},"modified":"2022-10-11T23:42:21","modified_gmt":"2022-10-12T02:42:21","slug":"secretaria-de-educacao-de-penedo-volta-a-produzir-paes-para-merenda-escolar","status":"publish","type":"post","link":"https:\/\/www.oparanews.com.br\/index.php\/2022\/10\/11\/secretaria-de-educacao-de-penedo-volta-a-produzir-paes-para-merenda-escolar\/","title":{"rendered":"Secretaria de Educa\u00e7\u00e3o de Penedo volta a produzir p\u00e3es para merenda escolar"},"content":{"rendered":"<p>A merenda escolar servida pela Prefeitura de Penedo nas unidades de ensino da Secretaria Municipal de Educa\u00e7\u00e3o (Semed) volta a oferecer p\u00e3es produzidos em sua padaria.<\/p>\n<p>&nbsp;<\/p>\n<p>A retomada do funcionamento da unidade instalada na Semed amplia o fornecimento do alimento servido com carne mo\u00edda aos estudantes, agora com regularidade semanal, e gera economia aos cofres p\u00fablicos.<\/p>\n<p><a href=\"http:\/\/www.oparanews.com.br\/wp-content\/uploads\/2022\/10\/padaria-semed-penedo-foto-deywisson-duarte-1-1068x712-1.jpeg\"><img loading=\"lazy\" decoding=\"async\" class=\"aligncenter size-full wp-image-25372\" src=\"http:\/\/www.oparanews.com.br\/wp-content\/uploads\/2022\/10\/padaria-semed-penedo-foto-deywisson-duarte-1-1068x712-1.jpeg\" alt=\"\" width=\"1068\" height=\"712\" srcset=\"https:\/\/www.oparanews.com.br\/wp-content\/uploads\/2022\/10\/padaria-semed-penedo-foto-deywisson-duarte-1-1068x712-1.jpeg 1068w, https:\/\/www.oparanews.com.br\/wp-content\/uploads\/2022\/10\/padaria-semed-penedo-foto-deywisson-duarte-1-1068x712-1-300x200.jpeg 300w, https:\/\/www.oparanews.com.br\/wp-content\/uploads\/2022\/10\/padaria-semed-penedo-foto-deywisson-duarte-1-1068x712-1-1024x683.jpeg 1024w, https:\/\/www.oparanews.com.br\/wp-content\/uploads\/2022\/10\/padaria-semed-penedo-foto-deywisson-duarte-1-1068x712-1-768x512.jpeg 768w\" sizes=\"auto, (max-width: 1068px) 100vw, 1068px\" \/><\/a><\/p>\n<p>\u201cA gente gastava sessenta e um centavos por unidade de p\u00e3o e hoje estamos conseguindo produzir por trinta centavos a unidade\u201d, informa a nutricionista Gl\u00e1ucia Simony sobre a redu\u00e7\u00e3o do custo pela metade.<\/p>\n<p>&nbsp;<\/p>\n<p>&nbsp;<\/p>\n<p>&nbsp;<\/p>\n<p>&nbsp;<\/p>\n<p><strong>Fonte: Secom PMP<\/strong><\/p>\n<p>&nbsp;<\/p>\n","protected":false},"excerpt":{"rendered":"<p>A merenda escolar servida pela Prefeitura de Penedo nas unidades de ensino da Secretaria Municipal de Educa\u00e7\u00e3o (Semed) volta a oferecer p\u00e3es produzidos em sua padaria. &nbsp; A retomada do funcionamento da unidade instalada na Semed amplia o fornecimento do alimento servido com carne mo\u00edda aos estudantes, agora com regularidade semanal, e gera economia aos &hellip;<\/p>\n","protected":false},"author":2,"featured_media":25373,"comment_status":"open","ping_status":"open","sticky":false,"template":"","format":"standard","meta":{"_jetpack_memberships_contains_paid_content":false,"footnotes":""},"categories":[1,3],"tags":[],"class_list":["post-25371","post","type-post","status-publish","format-standard","has-post-thumbnail","hentry","category-destaque","category-penedo"],"jetpack_featured_media_url":"https:\/\/www.oparanews.com.br\/wp-content\/uploads\/2022\/10\/padaria-semed-penedo-foto-deywisson-duarte-4.jpeg","jetpack_sharing_enabled":true,"_links":{"self":[{"href":"https:\/\/www.oparanews.com.br\/index.php\/wp-json\/wp\/v2\/posts\/25371","targetHints":{"allow":["GET"]}}],"collection":[{"href":"https:\/\/www.oparanews.com.br\/index.php\/wp-json\/wp\/v2\/posts"}],"about":[{"href":"https:\/\/www.oparanews.com.br\/index.php\/wp-json\/wp\/v2\/types\/post"}],"author":[{"embeddable":true,"href":"https:\/\/www.oparanews.com.br\/index.php\/wp-json\/wp\/v2\/users\/2"}],"replies":[{"embeddable":true,"href":"https:\/\/www.oparanews.com.br\/index.php\/wp-json\/wp\/v2\/comments?post=25371"}],"version-history":[{"count":1,"href":"https:\/\/www.oparanews.com.br\/index.php\/wp-json\/wp\/v2\/posts\/25371\/revisions"}],"predecessor-version":[{"id":25374,"href":"https:\/\/www.oparanews.com.br\/index.php\/wp-json\/wp\/v2\/posts\/25371\/revisions\/25374"}],"wp:featuredmedia":[{"embeddable":true,"href":"https:\/\/www.oparanews.com.br\/index.php\/wp-json\/wp\/v2\/media\/25373"}],"wp:attachment":[{"href":"https:\/\/www.oparanews.com.br\/index.php\/wp-json\/wp\/v2\/media?parent=25371"}],"wp:term":[{"taxonomy":"category","embeddable":true,"href":"https:\/\/www.oparanews.com.br\/index.php\/wp-json\/wp\/v2\/categories?post=25371"},{"taxonomy":"post_tag","embeddable":true,"href":"https:\/\/www.oparanews.com.br\/index.php\/wp-json\/wp\/v2\/tags?post=25371"}],"curies":[{"name":"wp","href":"https:\/\/api.w.org\/{rel}","templated":true}]}}