{"id":25396,"date":"2022-10-13T13:48:31","date_gmt":"2022-10-13T16:48:31","guid":{"rendered":"https:\/\/www.oparanews.com.br\/?p=25396"},"modified":"2022-10-13T13:48:31","modified_gmt":"2022-10-13T16:48:31","slug":"homem-e-preso-pela-pm-apos-ameacar-vizinho-com-espingarda","status":"publish","type":"post","link":"https:\/\/www.oparanews.com.br\/index.php\/2022\/10\/13\/homem-e-preso-pela-pm-apos-ameacar-vizinho-com-espingarda\/","title":{"rendered":"Homem \u00e9 preso pela PM ap\u00f3s amea\u00e7ar vizinho com espingarda"},"content":{"rendered":"<p>Um homem de 57 anos foi preso suspeito de amea\u00e7ar um vizinho com uma espingarda calibre 12, na noite dessa quarta-feira (12), em Arapiraca, Agreste de Alagoas.<\/p>\n<p>&nbsp;<\/p>\n<p>\u201cA pol\u00edcia foi acionada e, ao chegar no local mencionado, a guarni\u00e7\u00e3o visualizou o indiv\u00edduo se evadindo para um terreno, momento que foi alcan\u00e7ado e abordado. Feito a busca pessoal, nada de il\u00edcito foi encontrado, por\u00e9m, no per\u00edmetro pr\u00f3ximo, foi localizado a espingarda calibre 12 e uma muni\u00e7\u00e3o intacta\u201d, detalha relat\u00f3rio da Pol\u00edcia Militar (PM).<\/p>\n<p>&nbsp;<\/p>\n<p>Ainda segundo a pol\u00edcia, o suspeito confessou ser o propriet\u00e1rio da arma de fogo, sendo conduzido em seguida ao Centro Integrado de Seguran\u00e7a P\u00fablica (Cisp) de Palmeira dos \u00cdndios, onde foi autuado por amea\u00e7a e porte ilegal de arma de fogo. A identidade dele n\u00e3o foi divulgada.<\/p>\n<p>&nbsp;<\/p>\n<p>&nbsp;<\/p>\n<p>&nbsp;<\/p>\n<p><strong>por Greyce Bernardino\/Gazetaweb<\/strong><\/p>\n<p>&nbsp;<\/p>\n","protected":false},"excerpt":{"rendered":"<p>Um homem de 57 anos foi preso suspeito de amea\u00e7ar um vizinho com uma espingarda calibre 12, na noite dessa quarta-feira (12), em Arapiraca, Agreste de Alagoas. &nbsp; \u201cA pol\u00edcia foi acionada e, ao chegar no local mencionado, a guarni\u00e7\u00e3o visualizou o indiv\u00edduo se evadindo para um terreno, momento que foi alcan\u00e7ado e abordado. Feito &hellip;<\/p>\n","protected":false},"author":2,"featured_media":25397,"comment_status":"open","ping_status":"open","sticky":false,"template":"","format":"standard","meta":{"_jetpack_memberships_contains_paid_content":false,"footnotes":""},"categories":[4],"tags":[],"class_list":["post-25396","post","type-post","status-publish","format-standard","has-post-thumbnail","hentry","category-alagoas"],"jetpack_featured_media_url":"https:\/\/www.oparanews.com.br\/wp-content\/uploads\/2022\/10\/espingarda.jpg","jetpack_sharing_enabled":true,"_links":{"self":[{"href":"https:\/\/www.oparanews.com.br\/index.php\/wp-json\/wp\/v2\/posts\/25396","targetHints":{"allow":["GET"]}}],"collection":[{"href":"https:\/\/www.oparanews.com.br\/index.php\/wp-json\/wp\/v2\/posts"}],"about":[{"href":"https:\/\/www.oparanews.com.br\/index.php\/wp-json\/wp\/v2\/types\/post"}],"author":[{"embeddable":true,"href":"https:\/\/www.oparanews.com.br\/index.php\/wp-json\/wp\/v2\/users\/2"}],"replies":[{"embeddable":true,"href":"https:\/\/www.oparanews.com.br\/index.php\/wp-json\/wp\/v2\/comments?post=25396"}],"version-history":[{"count":1,"href":"https:\/\/www.oparanews.com.br\/index.php\/wp-json\/wp\/v2\/posts\/25396\/revisions"}],"predecessor-version":[{"id":25398,"href":"https:\/\/www.oparanews.com.br\/index.php\/wp-json\/wp\/v2\/posts\/25396\/revisions\/25398"}],"wp:featuredmedia":[{"embeddable":true,"href":"https:\/\/www.oparanews.com.br\/index.php\/wp-json\/wp\/v2\/media\/25397"}],"wp:attachment":[{"href":"https:\/\/www.oparanews.com.br\/index.php\/wp-json\/wp\/v2\/media?parent=25396"}],"wp:term":[{"taxonomy":"category","embeddable":true,"href":"https:\/\/www.oparanews.com.br\/index.php\/wp-json\/wp\/v2\/categories?post=25396"},{"taxonomy":"post_tag","embeddable":true,"href":"https:\/\/www.oparanews.com.br\/index.php\/wp-json\/wp\/v2\/tags?post=25396"}],"curies":[{"name":"wp","href":"https:\/\/api.w.org\/{rel}","templated":true}]}}