{"id":25399,"date":"2022-10-13T13:51:44","date_gmt":"2022-10-13T16:51:44","guid":{"rendered":"https:\/\/www.oparanews.com.br\/?p=25399"},"modified":"2022-10-13T13:51:44","modified_gmt":"2022-10-13T16:51:44","slug":"atletas-estudantes-de-coruripe-sobem-ao-podio-em-competicao-norte-nordeste","status":"publish","type":"post","link":"https:\/\/www.oparanews.com.br\/index.php\/2022\/10\/13\/atletas-estudantes-de-coruripe-sobem-ao-podio-em-competicao-norte-nordeste\/","title":{"rendered":"+ Atletas: Estudantes de Coruripe sobem ao p\u00f3dio em competi\u00e7\u00e3o Norte-Nordeste"},"content":{"rendered":"<p>Criado pela Secretaria de Educa\u00e7\u00e3o de Coruripe h\u00e1 pouco mais de seis meses, com o objetivo de despertar o lado esportivo dos estudantes, o Projeto + Atletas vem surpreendendo ao participar de competi\u00e7\u00f5es dentro e fora de Alagoas. No \u00faltimo final de semana os atletas coruripenses participaram de mais uma competi\u00e7\u00e3o, alcan\u00e7ando o Top 10 Norte\/Nordeste.<\/p>\n<p>&nbsp;<\/p>\n<p>A atleta ol\u00edmpica e coordenadora do Programa + Atletas, Bruna Farias, se disse surpresa e muito feliz com os resultados j\u00e1 alcan\u00e7ados em t\u00e3o pouco tempo.<\/p>\n<p>&nbsp;<\/p>\n<p>&#8220;\u00c9 muito gratificante ver a evolu\u00e7\u00e3o dos meninos (as) em t\u00e3o pouco tempo. Estamos no caminho certo e vamos continuar trabalhando duro para que eles possam chegar a competir em alto n\u00edvel&#8221;, afirmou a coordenadora.<\/p>\n<p>&nbsp;<\/p>\n<p>No \u00faltimo final de semana uma equipe do + Atletas foi at\u00e9 Fortaleza, onde competiu com outros jovens. Os estudantes atletas disputaram o Trof\u00e9u Norte\/Nordeste de Atletismo na categoria Sub-16. Confira o resultado:<\/p>\n<p>&nbsp;<\/p>\n<p>&#8211; Eduardo dos Santos &#8211; 7\u00b0 colocado na prova de 1000m c\/obst\u00e1culos e 8\u00b0 na prova de 1000m rasos. (Aluno da Escola S\u00e3o Rafael).<\/p>\n<p>&#8211; Maiza da Concei\u00e7\u00e3o &#8211; 11\u00b0 colocado na prova de 75m rasos, competi\u00e7\u00e3o para atletas at\u00e9 16 anos e a estudante possui apenas 13 anos. (Aluna da Escola Santa Sofia).<\/p>\n<p>&#8211; Lays Matias &#8211; 8\u00b0 colocado na prova de lan\u00e7amento de disco. (Aluna da Escola Santa Sofia).<\/p>\n<p>&#8211; Rickelme Alves &#8211; Medalha de bronze no revezamento 4x75m. (Aluno da Escola Maria Rocha).<\/p>\n<p>&#8211; Ubirajara Macedo &#8211; Medalha de bronze no revezamento 4x75m. (Aluno da Escola S\u00e3o Rafael).<\/p>\n<p>&nbsp;<\/p>\n<p>&#8220;Os resultados do \u00faltimo final de semana foram muito importantes para Alagoas. O estado n\u00e3o conquistava medalhas h\u00e1 cinco anos nesta competi\u00e7\u00e3o&#8221;, encerrou o tamb\u00e9m coordenador do Projeto + Atletas, Anderson Machado.<\/p>\n<p>&nbsp;<\/p>\n<p>Neste final de semana os estudantes atletas &#8211; Eduardo dos Santos e Rickelme Alves -, participar\u00e3o em Timb\u00f3\/SC do Campeonato Brasileiro de Atletismo Sub-16.<\/p>\n<p>&nbsp;<\/p>\n<p>&nbsp;<\/p>\n<p>&nbsp;<\/p>\n<p><strong>Fonte: Secom Coruripe<\/strong><\/p>\n<p>&nbsp;<\/p>\n","protected":false},"excerpt":{"rendered":"<p>Criado pela Secretaria de Educa\u00e7\u00e3o de Coruripe h\u00e1 pouco mais de seis meses, com o objetivo de despertar o lado esportivo dos estudantes, o Projeto + Atletas vem surpreendendo ao participar de competi\u00e7\u00f5es dentro e fora de Alagoas. No \u00faltimo final de semana os atletas coruripenses participaram de mais uma competi\u00e7\u00e3o, alcan\u00e7ando o Top 10 &hellip;<\/p>\n","protected":false},"author":2,"featured_media":25400,"comment_status":"open","ping_status":"open","sticky":false,"template":"","format":"standard","meta":{"_jetpack_memberships_contains_paid_content":false,"footnotes":""},"categories":[6],"tags":[],"class_list":["post-25399","post","type-post","status-publish","format-standard","has-post-thumbnail","hentry","category-esporte"],"jetpack_featured_media_url":"https:\/\/www.oparanews.com.br\/wp-content\/uploads\/2022\/10\/WhatsApp-Image-2022-10-13-at-09.56.45.jpeg","jetpack_sharing_enabled":true,"_links":{"self":[{"href":"https:\/\/www.oparanews.com.br\/index.php\/wp-json\/wp\/v2\/posts\/25399","targetHints":{"allow":["GET"]}}],"collection":[{"href":"https:\/\/www.oparanews.com.br\/index.php\/wp-json\/wp\/v2\/posts"}],"about":[{"href":"https:\/\/www.oparanews.com.br\/index.php\/wp-json\/wp\/v2\/types\/post"}],"author":[{"embeddable":true,"href":"https:\/\/www.oparanews.com.br\/index.php\/wp-json\/wp\/v2\/users\/2"}],"replies":[{"embeddable":true,"href":"https:\/\/www.oparanews.com.br\/index.php\/wp-json\/wp\/v2\/comments?post=25399"}],"version-history":[{"count":1,"href":"https:\/\/www.oparanews.com.br\/index.php\/wp-json\/wp\/v2\/posts\/25399\/revisions"}],"predecessor-version":[{"id":25401,"href":"https:\/\/www.oparanews.com.br\/index.php\/wp-json\/wp\/v2\/posts\/25399\/revisions\/25401"}],"wp:featuredmedia":[{"embeddable":true,"href":"https:\/\/www.oparanews.com.br\/index.php\/wp-json\/wp\/v2\/media\/25400"}],"wp:attachment":[{"href":"https:\/\/www.oparanews.com.br\/index.php\/wp-json\/wp\/v2\/media?parent=25399"}],"wp:term":[{"taxonomy":"category","embeddable":true,"href":"https:\/\/www.oparanews.com.br\/index.php\/wp-json\/wp\/v2\/categories?post=25399"},{"taxonomy":"post_tag","embeddable":true,"href":"https:\/\/www.oparanews.com.br\/index.php\/wp-json\/wp\/v2\/tags?post=25399"}],"curies":[{"name":"wp","href":"https:\/\/api.w.org\/{rel}","templated":true}]}}