{"id":25411,"date":"2022-10-14T13:39:33","date_gmt":"2022-10-14T16:39:33","guid":{"rendered":"https:\/\/www.oparanews.com.br\/?p=25411"},"modified":"2022-10-14T13:39:33","modified_gmt":"2022-10-14T16:39:33","slug":"setur-penedo-participa-do-forum-de-turismo-gerais-do-mundo","status":"publish","type":"post","link":"https:\/\/www.oparanews.com.br\/index.php\/2022\/10\/14\/setur-penedo-participa-do-forum-de-turismo-gerais-do-mundo\/","title":{"rendered":"Setur Penedo participa do F\u00f3rum de Turismo Gerais do Mundo"},"content":{"rendered":"<p>O Secret\u00e1rio de Turismo de Penedo, Jair Galv\u00e3o, representou o munic\u00edpio no 1\u00ba F\u00f3rum de Turismo das Vertentes, o Gerais do Mundo, em Tiradentes \u2013 MG.<\/p>\n<p>&nbsp;<\/p>\n<p>O evento \u00e9 focado no turismo rural e de experi\u00eancia, gastronomia, artesanato, roteiriza\u00e7\u00e3o e regionaliza\u00e7\u00e3o de destinos tur\u00edsticos, marketing digital, agricultura familiar e hotelaria.<\/p>\n<p>&nbsp;<\/p>\n<p>Jair Galv\u00e3o participou do painel \u2018O marketing digital como estrat\u00e9gia de diferencia\u00e7\u00e3o e consolida\u00e7\u00e3o do destino\u2019, juntamente com \u00cdtalo Mendes, secret\u00e1rio Municipal de Turismo de Gr\u00e3o Mogol.<\/p>\n<p>&nbsp;<\/p>\n<p>O gestor da Setur Penedo abordou a\u00e7\u00f5es, estrat\u00e9gias e projetos para o fortalecimento de destinos tur\u00edsticos, al\u00e9m de ter explanado o que est\u00e1 sendo desenvolvido e executado na cidade de Penedo.<\/p>\n<p>&nbsp;<\/p>\n<p>Para Jair Galv\u00e3o, Penedo se mostra relevante sempre que \u00e9 convidado para fazer parte de eventos de n\u00edvel nacional como o Gerais do Mundo.<\/p>\n<p>&nbsp;<\/p>\n<p>\u201cFoi um momento bastante proveitoso, com muito conhecimento e troca de experi\u00eancias. Apresentamos ideias e tamb\u00e9m debatemos sobre tecnologia, internet, redes sociais, planejamento e marketing em geral\u201d, explicou Jair Galv\u00e3o, frisando ainda a oportunidade de aprendizado sobre projetos que podem ser, futuramente, realizados no Destino Penedo.<\/p>\n<p>&nbsp;<\/p>\n<p>&nbsp;<\/p>\n<p>&nbsp;<\/p>\n<p><strong>por Thaciana Lima \u2013 Setur Penedo<\/strong><\/p>\n<p><em><strong>Edi\u00e7\u00e3o Secom PMP<\/strong><\/em><\/p>\n<p>&nbsp;<\/p>\n","protected":false},"excerpt":{"rendered":"<p>O Secret\u00e1rio de Turismo de Penedo, Jair Galv\u00e3o, representou o munic\u00edpio no 1\u00ba F\u00f3rum de Turismo das Vertentes, o Gerais do Mundo, em Tiradentes \u2013 MG. &nbsp; O evento \u00e9 focado no turismo rural e de experi\u00eancia, gastronomia, artesanato, roteiriza\u00e7\u00e3o e regionaliza\u00e7\u00e3o de destinos tur\u00edsticos, marketing digital, agricultura familiar e hotelaria. &nbsp; Jair Galv\u00e3o participou &hellip;<\/p>\n","protected":false},"author":2,"featured_media":25412,"comment_status":"open","ping_status":"open","sticky":false,"template":"","format":"standard","meta":{"_jetpack_memberships_contains_paid_content":false,"footnotes":""},"categories":[1,3],"tags":[],"class_list":["post-25411","post","type-post","status-publish","format-standard","has-post-thumbnail","hentry","category-destaque","category-penedo"],"jetpack_featured_media_url":"https:\/\/www.oparanews.com.br\/wp-content\/uploads\/2022\/10\/jair-galvao-setur-penedo-5.jpeg","jetpack_sharing_enabled":true,"_links":{"self":[{"href":"https:\/\/www.oparanews.com.br\/index.php\/wp-json\/wp\/v2\/posts\/25411","targetHints":{"allow":["GET"]}}],"collection":[{"href":"https:\/\/www.oparanews.com.br\/index.php\/wp-json\/wp\/v2\/posts"}],"about":[{"href":"https:\/\/www.oparanews.com.br\/index.php\/wp-json\/wp\/v2\/types\/post"}],"author":[{"embeddable":true,"href":"https:\/\/www.oparanews.com.br\/index.php\/wp-json\/wp\/v2\/users\/2"}],"replies":[{"embeddable":true,"href":"https:\/\/www.oparanews.com.br\/index.php\/wp-json\/wp\/v2\/comments?post=25411"}],"version-history":[{"count":1,"href":"https:\/\/www.oparanews.com.br\/index.php\/wp-json\/wp\/v2\/posts\/25411\/revisions"}],"predecessor-version":[{"id":25413,"href":"https:\/\/www.oparanews.com.br\/index.php\/wp-json\/wp\/v2\/posts\/25411\/revisions\/25413"}],"wp:featuredmedia":[{"embeddable":true,"href":"https:\/\/www.oparanews.com.br\/index.php\/wp-json\/wp\/v2\/media\/25412"}],"wp:attachment":[{"href":"https:\/\/www.oparanews.com.br\/index.php\/wp-json\/wp\/v2\/media?parent=25411"}],"wp:term":[{"taxonomy":"category","embeddable":true,"href":"https:\/\/www.oparanews.com.br\/index.php\/wp-json\/wp\/v2\/categories?post=25411"},{"taxonomy":"post_tag","embeddable":true,"href":"https:\/\/www.oparanews.com.br\/index.php\/wp-json\/wp\/v2\/tags?post=25411"}],"curies":[{"name":"wp","href":"https:\/\/api.w.org\/{rel}","templated":true}]}}