{"id":25414,"date":"2022-10-14T16:56:13","date_gmt":"2022-10-14T19:56:13","guid":{"rendered":"https:\/\/www.oparanews.com.br\/?p=25414"},"modified":"2022-10-14T16:56:13","modified_gmt":"2022-10-14T19:56:13","slug":"guilherme-arantes-faz-o-show-de-abertura-do-festival-de-musica-de-penedo","status":"publish","type":"post","link":"https:\/\/www.oparanews.com.br\/index.php\/2022\/10\/14\/guilherme-arantes-faz-o-show-de-abertura-do-festival-de-musica-de-penedo\/","title":{"rendered":"Guilherme Arantes faz o show de abertura do Festival de M\u00fasica de Penedo"},"content":{"rendered":"<p>A edi\u00e7\u00e3o 2022 do Festival de M\u00fasica de Penedo traz para Alagoas o m\u00fasico Guilherme Arantes. Autor de sucessos inclu\u00eddos em trilhas de novelas e na programa\u00e7\u00e3o das FMs durante a d\u00e9cada de 1980, ele se apresenta na noite da pr\u00f3xima quarta-feira, 19.<\/p>\n<p>&nbsp;<\/p>\n<p>Em sua rede social, Guilherme Arantes disse que vai ser uma honra abrir o Festival de M\u00fasica de Penedo, convidado o p\u00fablico para o show que certamente ser\u00e1 inesquec\u00edvel.<\/p>\n<p>&nbsp;<\/p>\n<p>Para garantir um lugar na plateia do Centro de Conven\u00e7\u00f5es e Eventos Comendador Zeca Peixoto, o antigo Cinema S\u00e3o Francisco, basta se dirigir at\u00e9 a Secretaria Municipal de Cultura, Lazer e Juventude (SEMCLEJ) com um quilo de alimento n\u00e3o perec\u00edvel, exceto sal, e trocar por um ingresso, sendo um por pessoa.<\/p>\n<p>&nbsp;<\/p>\n<p>A Secretaria de Cultura de Penedo funciona no \u00fanico sobrado com primeiro andar da Rua D\u00e2maso do Monte, popular ladeira da Igreja da Corrente, Centro Hist\u00f3rico de Penedo, no hor\u00e1rio das 8h \u00e0s 13 horas.<\/p>\n<p>&nbsp;<\/p>\n<p>Al\u00e9m do show de Guilherme Arantes, o Festival de M\u00fasica de Penedo tem uma vasta programa\u00e7\u00e3o, incluindo apresenta\u00e7\u00f5es gratuitas em escolas, igrejas, pra\u00e7as, Theatro Sete de Setembro e no palco que ser\u00e1 montado no Largo S\u00e3o Gon\u00e7alo.<\/p>\n<p>&nbsp;<\/p>\n<p>As bandas filarm\u00f4nicas tamb\u00e9m s\u00e3o um show \u00e0 parte, fazendo retretas e desfiles pelas ruas da parte baixa da cidade hist\u00f3rica que abra\u00e7ou o festival de m\u00fasica iniciado como jornada pedag\u00f3gica e que amplia sua fun\u00e7\u00e3o de estimular a produ\u00e7\u00e3o e difundir a m\u00fasica.<\/p>\n<p>&nbsp;<\/p>\n<p>Consolidado entre os maiores festivais do Brasil e inserido no calend\u00e1rio anual de eventos de Penedo, o trabalho realizado pela Ufal \u2013 atrav\u00e9s do Curso de M\u00fasica e do Centro de Musicologia de Penedo (Cemupe) \u2013 tem patroc\u00ednio do Sebrae e apoio do Governo de Alagoas e da Prefeitura de Penedo.<\/p>\n<p>&nbsp;<\/p>\n<p><a href=\"https:\/\/www.cemupemusicologia.com\/festivaldemusicadepenedo\"><strong>Confira aqui a programa\u00e7\u00e3o na \u00edntegra, inclusive as oficinas que est\u00e3o com inscri\u00e7\u00f5es abertas at\u00e9 amanh\u00e3 (s\u00e1bado, 15).<\/strong><\/a><\/p>\n<p>&nbsp;<\/p>\n<p>&nbsp;<\/p>\n<p>&nbsp;<\/p>\n<p><strong>Fonte: Secom PMP<\/strong><\/p>\n<p>&nbsp;<\/p>\n","protected":false},"excerpt":{"rendered":"<p>A edi\u00e7\u00e3o 2022 do Festival de M\u00fasica de Penedo traz para Alagoas o m\u00fasico Guilherme Arantes. Autor de sucessos inclu\u00eddos em trilhas de novelas e na programa\u00e7\u00e3o das FMs durante a d\u00e9cada de 1980, ele se apresenta na noite da pr\u00f3xima quarta-feira, 19. &nbsp; Em sua rede social, Guilherme Arantes disse que vai ser uma &hellip;<\/p>\n","protected":false},"author":2,"featured_media":25415,"comment_status":"open","ping_status":"open","sticky":false,"template":"","format":"standard","meta":{"_jetpack_memberships_contains_paid_content":false,"footnotes":""},"categories":[1,3],"tags":[],"class_list":["post-25414","post","type-post","status-publish","format-standard","has-post-thumbnail","hentry","category-destaque","category-penedo"],"jetpack_featured_media_url":"https:\/\/www.oparanews.com.br\/wp-content\/uploads\/2022\/10\/guilherme-arantes.jpg","jetpack_sharing_enabled":true,"_links":{"self":[{"href":"https:\/\/www.oparanews.com.br\/index.php\/wp-json\/wp\/v2\/posts\/25414","targetHints":{"allow":["GET"]}}],"collection":[{"href":"https:\/\/www.oparanews.com.br\/index.php\/wp-json\/wp\/v2\/posts"}],"about":[{"href":"https:\/\/www.oparanews.com.br\/index.php\/wp-json\/wp\/v2\/types\/post"}],"author":[{"embeddable":true,"href":"https:\/\/www.oparanews.com.br\/index.php\/wp-json\/wp\/v2\/users\/2"}],"replies":[{"embeddable":true,"href":"https:\/\/www.oparanews.com.br\/index.php\/wp-json\/wp\/v2\/comments?post=25414"}],"version-history":[{"count":1,"href":"https:\/\/www.oparanews.com.br\/index.php\/wp-json\/wp\/v2\/posts\/25414\/revisions"}],"predecessor-version":[{"id":25416,"href":"https:\/\/www.oparanews.com.br\/index.php\/wp-json\/wp\/v2\/posts\/25414\/revisions\/25416"}],"wp:featuredmedia":[{"embeddable":true,"href":"https:\/\/www.oparanews.com.br\/index.php\/wp-json\/wp\/v2\/media\/25415"}],"wp:attachment":[{"href":"https:\/\/www.oparanews.com.br\/index.php\/wp-json\/wp\/v2\/media?parent=25414"}],"wp:term":[{"taxonomy":"category","embeddable":true,"href":"https:\/\/www.oparanews.com.br\/index.php\/wp-json\/wp\/v2\/categories?post=25414"},{"taxonomy":"post_tag","embeddable":true,"href":"https:\/\/www.oparanews.com.br\/index.php\/wp-json\/wp\/v2\/tags?post=25414"}],"curies":[{"name":"wp","href":"https:\/\/api.w.org\/{rel}","templated":true}]}}